{"id":10797,"date":"2025-03-19T16:13:39","date_gmt":"2025-03-19T16:13:39","guid":{"rendered":"https:\/\/infozamoraec.com\/?p=10797"},"modified":"2025-03-19T16:34:29","modified_gmt":"2025-03-19T16:34:29","slug":"centinela-del-condor-celebra-sus-30-anos-de-cantonizacion-con-una-agenda-llena-de-actividades","status":"publish","type":"post","link":"https:\/\/infozamoraec.com\/index.php\/2025\/03\/19\/centinela-del-condor-celebra-sus-30-anos-de-cantonizacion-con-una-agenda-llena-de-actividades\/","title":{"rendered":"Centinela del C\u00f3ndor celebra sus 30 a\u00f1os de cantonizaci\u00f3n con una agenda llena de actividades."},"content":{"rendered":"<p>Centinela del C\u00f3ndor est\u00e1 viviendo una celebraci\u00f3n por todo lo alto en honor a sus 30 a\u00f1os de cantonizaci\u00f3n. Desde el viernes 14 de marzo, la ciudad se ha llenado de alegr\u00eda, cultura y emoci\u00f3n con una variada programaci\u00f3n que ha reunido a la comunidad y visitantes en torno a eventos art\u00edsticos, sociales, deportivos y culturales.<\/p>\n<p>Las festividades iniciaron con un colorido preg\u00f3n que incluy\u00f3 carros aleg\u00f3ricos y comparsas. Por la noche, se llev\u00f3 a cabo la elecci\u00f3n de las representantes de la belleza y la interculturalidad del cant\u00f3n, resultando elegidas: Reina Turismo, Ashley Olmedo; Reina Shiram N\u00faa, Leticia Chumbia y Reina Hispana; Jhakcelyn Quezada.<\/p>\n<p>El s\u00e1bado, la emoci\u00f3n estuvo a flor de piel con la competencia 4&#215;4, en la que los ganadores fueron: Categor\u00eda 4&#215;4 Extrem, Luis Carri\u00f3n y categor\u00eda Cabinados Fuerza Libre: Josu\u00e9 Gonz\u00e1lez. Adem\u00e1s, se realiz\u00f3 el esperado Moto Encuentro y Expoting, eventos que convocaron a cientos de apasionados del motociclismo y la exhibici\u00f3n de veh\u00edculos modificados. La noche juvenil fue un \u00e9xito con las presentaciones musicales de Apolo 2, Banda Rayo, y para cerrar con broche de oro, la banda de rock nacional Bajo Sue\u00f1os.<\/p>\n<p>El domingo, la gran Feria Agropecuaria reuni\u00f3 a ganaderos, productores, emprendedores y artesanos locales. Durante el evento, se entregaron incentivos y se realizaron concursos en actividades ganaderas, pecuarias, gastron\u00f3micas y artesanales. Tambi\u00e9n se llev\u00f3 a cabo el tradicional concurso de canto El Agricultor Canta al Agricultor, donde contamos con la presentaci\u00f3n especial de los Hermanos Jima. La noche cerr\u00f3 con la espectacular presentaci\u00f3n de Toquilla, quien puso a bailar y cantar a todos los asistentes.<\/p>\n<p>Las festividades contin\u00faan hasta el 21 de marzo.<\/p>\n<p>La celebraci\u00f3n de los 30 a\u00f1os de cantonizaci\u00f3n de Centinela del C\u00f3ndor no ha terminado. A lo largo de la semana se desarrollar\u00e1n m\u00faltiples eventos, entre ellos: Encuentros deportivos, Festival de murales y oratoria, Festival de danzas folcl\u00f3ricas y la gran noche box\u00edstica<\/p>\n<p>El cierre de las festividades ser\u00e1 el viernes 21 de marzo, con la esperada presentaci\u00f3n del reconocido artista Gerardo Mor\u00e1n.<\/p>\n<p>La gran acogida del p\u00fablico en cada evento ha sido clave para dinamizar la econom\u00eda del cant\u00f3n, consolidando a Centinela del C\u00f3ndor como un destino de celebraci\u00f3n y cultura. \u00a1Los invitamos a seguir disfrutando de estas festividades!<\/p>\n","protected":false},"excerpt":{"rendered":"<p>Centinela del C\u00f3ndor est\u00e1 viviendo una celebraci\u00f3n por todo lo alto en honor a sus 30 a\u00f1os de cantonizaci\u00f3n. Desde el viernes 14 de marzo, la ciudad se ha llenado de alegr\u00eda, cultura y emoci\u00f3n con una variada programaci\u00f3n que ha reunido a la comunidad y visitantes en torno a eventos art\u00edsticos, sociales, deportivos y [&hellip;]<\/p>\n","protected":false},"author":1,"featured_media":10798,"comment_status":"open","ping_status":"open","sticky":false,"template":"","format":"standard","meta":{"footnotes":""},"categories":[9],"tags":[],"_links":{"self":[{"href":"https:\/\/infozamoraec.com\/index.php\/wp-json\/wp\/v2\/posts\/10797"}],"collection":[{"href":"https:\/\/infozamoraec.com\/index.php\/wp-json\/wp\/v2\/posts"}],"about":[{"href":"https:\/\/infozamoraec.com\/index.php\/wp-json\/wp\/v2\/types\/post"}],"author":[{"embeddable":true,"href":"https:\/\/infozamoraec.com\/index.php\/wp-json\/wp\/v2\/users\/1"}],"replies":[{"embeddable":true,"href":"https:\/\/infozamoraec.com\/index.php\/wp-json\/wp\/v2\/comments?post=10797"}],"version-history":[{"count":4,"href":"https:\/\/infozamoraec.com\/index.php\/wp-json\/wp\/v2\/posts\/10797\/revisions"}],"predecessor-version":[{"id":10803,"href":"https:\/\/infozamoraec.com\/index.php\/wp-json\/wp\/v2\/posts\/10797\/revisions\/10803"}],"wp:featuredmedia":[{"embeddable":true,"href":"https:\/\/infozamoraec.com\/index.php\/wp-json\/wp\/v2\/media\/10798"}],"wp:attachment":[{"href":"https:\/\/infozamoraec.com\/index.php\/wp-json\/wp\/v2\/media?parent=10797"}],"wp:term":[{"taxonomy":"category","embeddable":true,"href":"https:\/\/infozamoraec.com\/index.php\/wp-json\/wp\/v2\/categories?post=10797"},{"taxonomy":"post_tag","embeddable":true,"href":"https:\/\/infozamoraec.com\/index.php\/wp-json\/wp\/v2\/tags?post=10797"}],"curies":[{"name":"wp","href":"https:\/\/api.w.org\/{rel}","templated":true}]}}