{"id":10769,"date":"2025-03-19T00:36:49","date_gmt":"2025-03-19T00:36:49","guid":{"rendered":"https:\/\/infozamoraec.com\/?p=10769"},"modified":"2025-03-19T00:36:49","modified_gmt":"2025-03-19T00:36:49","slug":"mies-fortalece-la-atencion-social-en-tutupali-a-traves-de-brigada-por-un-nuevo-ecuador","status":"publish","type":"post","link":"https:\/\/infozamoraec.com\/index.php\/2025\/03\/19\/mies-fortalece-la-atencion-social-en-tutupali-a-traves-de-brigada-por-un-nuevo-ecuador\/","title":{"rendered":"MIES fortalece la atenci\u00f3n social en Tutupali a trav\u00e9s de brigada por un Nuevo Ecuador"},"content":{"rendered":"<p data-start=\"106\" data-end=\"408\">Con el prop\u00f3sito de fortalecer la relaci\u00f3n entre el Estado y la ciudadan\u00eda, el <strong data-start=\"185\" data-end=\"238\">Ministerio de Inclusi\u00f3n Econ\u00f3mica y Social (MIES)<\/strong> particip\u00f3 en la <strong data-start=\"255\" data-end=\"314\">Gran Brigada Social por un Nuevo Ecuador \u2013 Brigada 2025<\/strong>, desarrollada en la parroquia <strong data-start=\"345\" data-end=\"405\">Tutupali, cant\u00f3n Yacuambi, provincia de Zamora Chinchipe<\/strong>.<\/p>\n<p data-start=\"410\" data-end=\"848\">Durante la jornada, diversas instituciones estatales brindaron informaci\u00f3n y atenci\u00f3n directa a la poblaci\u00f3n, generando una gran acogida entre los habitantes del sector. La directora del MIES en Zamora Chinchipe, <strong data-start=\"623\" data-end=\"648\">Mag\u00edster Diana Granda<\/strong>, resalt\u00f3 la importancia de estos espacios de acercamiento con la comunidad e invit\u00f3 a la ciudadan\u00eda a seguir participando en estas iniciativas que buscan mejorar la calidad de vida de la poblaci\u00f3n.<\/p>\n<p data-start=\"850\" data-end=\"1080\">Como parte de la brigada, se realiz\u00f3 la <strong data-start=\"890\" data-end=\"954\">entrega de cocinas de inducci\u00f3n a beneficiarias del programa<\/strong>, reafirmando el compromiso del <strong data-start=\"986\" data-end=\"1007\">Gobierno Nacional<\/strong> con la mejora de las condiciones de vida de las familias ecuatorianas.<\/p>\n<p data-start=\"1082\" data-end=\"1283\" data-is-last-node=\"\" data-is-only-node=\"\">El MIES ratifica su compromiso de seguir trabajando en territorio, promoviendo la inclusi\u00f3n y garantizando el acceso a programas y servicios sociales en beneficio de los grupos de atenci\u00f3n prioritaria.<\/p>\n","protected":false},"excerpt":{"rendered":"<p>Con el prop\u00f3sito de fortalecer la relaci\u00f3n entre el Estado y la ciudadan\u00eda, el Ministerio de Inclusi\u00f3n Econ\u00f3mica y Social (MIES) particip\u00f3 en la Gran Brigada Social por un Nuevo Ecuador \u2013 Brigada 2025, desarrollada en la parroquia Tutupali, cant\u00f3n Yacuambi, provincia de Zamora Chinchipe. Durante la jornada, diversas instituciones estatales brindaron informaci\u00f3n y atenci\u00f3n [&hellip;]<\/p>\n","protected":false},"author":1,"featured_media":10770,"comment_status":"open","ping_status":"open","sticky":false,"template":"","format":"standard","meta":{"footnotes":""},"categories":[9],"tags":[],"_links":{"self":[{"href":"https:\/\/infozamoraec.com\/index.php\/wp-json\/wp\/v2\/posts\/10769"}],"collection":[{"href":"https:\/\/infozamoraec.com\/index.php\/wp-json\/wp\/v2\/posts"}],"about":[{"href":"https:\/\/infozamoraec.com\/index.php\/wp-json\/wp\/v2\/types\/post"}],"author":[{"embeddable":true,"href":"https:\/\/infozamoraec.com\/index.php\/wp-json\/wp\/v2\/users\/1"}],"replies":[{"embeddable":true,"href":"https:\/\/infozamoraec.com\/index.php\/wp-json\/wp\/v2\/comments?post=10769"}],"version-history":[{"count":1,"href":"https:\/\/infozamoraec.com\/index.php\/wp-json\/wp\/v2\/posts\/10769\/revisions"}],"predecessor-version":[{"id":10771,"href":"https:\/\/infozamoraec.com\/index.php\/wp-json\/wp\/v2\/posts\/10769\/revisions\/10771"}],"wp:featuredmedia":[{"embeddable":true,"href":"https:\/\/infozamoraec.com\/index.php\/wp-json\/wp\/v2\/media\/10770"}],"wp:attachment":[{"href":"https:\/\/infozamoraec.com\/index.php\/wp-json\/wp\/v2\/media?parent=10769"}],"wp:term":[{"taxonomy":"category","embeddable":true,"href":"https:\/\/infozamoraec.com\/index.php\/wp-json\/wp\/v2\/categories?post=10769"},{"taxonomy":"post_tag","embeddable":true,"href":"https:\/\/infozamoraec.com\/index.php\/wp-json\/wp\/v2\/tags?post=10769"}],"curies":[{"name":"wp","href":"https:\/\/api.w.org\/{rel}","templated":true}]}}