{"id":10761,"date":"2025-03-18T21:28:17","date_gmt":"2025-03-18T21:28:17","guid":{"rendered":"https:\/\/infozamoraec.com\/?p=10761"},"modified":"2025-03-18T21:36:01","modified_gmt":"2025-03-18T21:36:01","slug":"reportan-una-persona-fallecida-en-el-sector-la-merced","status":"publish","type":"post","link":"https:\/\/infozamoraec.com\/index.php\/2025\/03\/18\/reportan-una-persona-fallecida-en-el-sector-la-merced\/","title":{"rendered":"Reportan una persona fallecida en el sector La Merced"},"content":{"rendered":"<p>La Polic\u00eda Nacional informa a la ciudadan\u00eda y medios de comunicaci\u00f3n que en la ma\u00f1ana de hoy, 18 de marzo de 2025, aproximadamente a las 09H30, se verific\u00f3 el hallazgo de una persona fallecida en el sector La Merced, en la v\u00eda que conduce de La Merced a Paquisha, en un \u00e1rea rural de la parroquia Los Encuentros.<\/p>\n<p>El cuerpo fue encontrado en estado de descomposici\u00f3n, en una zona de vegetaci\u00f3n abundante cercana a la v\u00eda. Ante este hallazgo, personal policial del Eje Preventivo dio aviso inmediato a las autoridades competentes.<\/p>\n<p>La Direcci\u00f3n Nacional de Investigaci\u00f3n de Delitos Contra la Vida, Muertes Violentas, Desapariciones, Extorsi\u00f3n y Secuestros (DINASED), en coordinaci\u00f3n con personal de Criminal\u00edstica, se traslad\u00f3 al lugar para realizar el levantamiento del cad\u00e1ver bajo la direcci\u00f3n de la Fiscal\u00eda.<\/p>\n<p>Acciones realizadas:<\/p>\n<p>&#8211; Verificaci\u00f3n y protecci\u00f3n del lugar de los hechos<br \/>\n&#8211; Levantamiento t\u00e9cnico del cad\u00e1ver con presencia de la Fiscal de turno<br \/>\n&#8211; Traslado del cuerpo al Centro Forense de Loja para los ex\u00e1menes m\u00e9dico-legales correspondientes<br \/>\n&#8211; Inicio de diligencias investigativas<\/p>\n<p>La Polic\u00eda Nacional ha desplegado un equipo especializado para desarrollar las l\u00edneas de investigaci\u00f3n que permitan esclarecer las circunstancias de este hecho e identificar a los presuntos responsables.<\/p>\n<p>Se mantiene reserva sobre detalles espec\u00edficos del caso para no entorpecer el proceso investigativo en curso. La instituci\u00f3n policial reitera su compromiso con la seguridad ciudadana y la lucha contra el delito.<\/p>\n","protected":false},"excerpt":{"rendered":"<p>La Polic\u00eda Nacional informa a la ciudadan\u00eda y medios de comunicaci\u00f3n que en la ma\u00f1ana de hoy, 18 de marzo de 2025, aproximadamente a las 09H30, se verific\u00f3 el hallazgo de una persona fallecida en el sector La Merced, en la v\u00eda que conduce de La Merced a Paquisha, en un \u00e1rea rural de la [&hellip;]<\/p>\n","protected":false},"author":1,"featured_media":10768,"comment_status":"open","ping_status":"open","sticky":false,"template":"","format":"standard","meta":{"footnotes":""},"categories":[9],"tags":[],"_links":{"self":[{"href":"https:\/\/infozamoraec.com\/index.php\/wp-json\/wp\/v2\/posts\/10761"}],"collection":[{"href":"https:\/\/infozamoraec.com\/index.php\/wp-json\/wp\/v2\/posts"}],"about":[{"href":"https:\/\/infozamoraec.com\/index.php\/wp-json\/wp\/v2\/types\/post"}],"author":[{"embeddable":true,"href":"https:\/\/infozamoraec.com\/index.php\/wp-json\/wp\/v2\/users\/1"}],"replies":[{"embeddable":true,"href":"https:\/\/infozamoraec.com\/index.php\/wp-json\/wp\/v2\/comments?post=10761"}],"version-history":[{"count":1,"href":"https:\/\/infozamoraec.com\/index.php\/wp-json\/wp\/v2\/posts\/10761\/revisions"}],"predecessor-version":[{"id":10763,"href":"https:\/\/infozamoraec.com\/index.php\/wp-json\/wp\/v2\/posts\/10761\/revisions\/10763"}],"wp:featuredmedia":[{"embeddable":true,"href":"https:\/\/infozamoraec.com\/index.php\/wp-json\/wp\/v2\/media\/10768"}],"wp:attachment":[{"href":"https:\/\/infozamoraec.com\/index.php\/wp-json\/wp\/v2\/media?parent=10761"}],"wp:term":[{"taxonomy":"category","embeddable":true,"href":"https:\/\/infozamoraec.com\/index.php\/wp-json\/wp\/v2\/categories?post=10761"},{"taxonomy":"post_tag","embeddable":true,"href":"https:\/\/infozamoraec.com\/index.php\/wp-json\/wp\/v2\/tags?post=10761"}],"curies":[{"name":"wp","href":"https:\/\/api.w.org\/{rel}","templated":true}]}}