{"id":10738,"date":"2025-03-17T23:43:36","date_gmt":"2025-03-17T23:43:36","guid":{"rendered":"https:\/\/infozamoraec.com\/?p=10738"},"modified":"2025-03-17T23:43:36","modified_gmt":"2025-03-17T23:43:36","slug":"paola-cabezas-habla-de-una-dolarizacion-a-la-ecuatoriana","status":"publish","type":"post","link":"https:\/\/infozamoraec.com\/index.php\/2025\/03\/17\/paola-cabezas-habla-de-una-dolarizacion-a-la-ecuatoriana\/","title":{"rendered":"Paola Cabezas habla de una \u00abdolarizaci\u00f3n a la ecuatoriana\u201d"},"content":{"rendered":"<p>La asamble\u00edsta del corre\u00edsmo, Paola Cabezas, indic\u00f3 para el programa Pol\u00edticamente correcto de Ecuavisa, que el pa\u00eds necesita una \u00abdolarizaci\u00f3n a la ecuatoriana\u00bb.<\/p>\n<p>En dicho espacio televisivo adem\u00e1s dijo que durante el gobierno se Rafael Correa s\u00ed se \u00abfortaleci\u00f3\u00bb la dolarizaci\u00f3n al pensarla \u00abno en ingl\u00e9s sino a la ecuatoriana\u00bb<\/p>\n<p>Jorge Pe\u00f1afiel, de Construye, increp\u00f3 a Cabezas y le se\u00f1al\u00f3 las ideas del corre\u00edsmo de los \u201cecuad\u00f3lares\u201d que plante\u00f3 en abril de 2023 Andr\u00e9s Arauz, excandidato del corre\u00edsmo a la presidencia y vicepresidencia de la Rep\u00fablica. \u201cEstamos hablando de que van a insistir en los ecuad\u00f3lares\u201d, coment\u00f3 con asombro Pe\u00f1afiel y asegur\u00f3 que con este mecanismo, la Revoluci\u00f3n Ciudadana pretende \u201cdevaluar el d\u00f3lar\u00bb.<\/p>\n<p>Por su parte, Gissela Garz\u00f3n tambi\u00e9n del corre\u00edsmo, intent\u00f3 salvar a Cabezas diciendo que Ecuador emite monedas fraccionarias del d\u00f3lar que produce el Banco Central del Ecuador (BCE).<\/p>\n","protected":false},"excerpt":{"rendered":"<p>La asamble\u00edsta del corre\u00edsmo, Paola Cabezas, indic\u00f3 para el programa Pol\u00edticamente correcto de Ecuavisa, que el pa\u00eds necesita una \u00abdolarizaci\u00f3n a la ecuatoriana\u00bb. En dicho espacio televisivo adem\u00e1s dijo que durante el gobierno se Rafael Correa s\u00ed se \u00abfortaleci\u00f3\u00bb la dolarizaci\u00f3n al pensarla \u00abno en ingl\u00e9s sino a la ecuatoriana\u00bb Jorge Pe\u00f1afiel, de Construye, increp\u00f3 [&hellip;]<\/p>\n","protected":false},"author":1,"featured_media":10739,"comment_status":"open","ping_status":"open","sticky":false,"template":"","format":"standard","meta":{"footnotes":""},"categories":[12],"tags":[],"_links":{"self":[{"href":"https:\/\/infozamoraec.com\/index.php\/wp-json\/wp\/v2\/posts\/10738"}],"collection":[{"href":"https:\/\/infozamoraec.com\/index.php\/wp-json\/wp\/v2\/posts"}],"about":[{"href":"https:\/\/infozamoraec.com\/index.php\/wp-json\/wp\/v2\/types\/post"}],"author":[{"embeddable":true,"href":"https:\/\/infozamoraec.com\/index.php\/wp-json\/wp\/v2\/users\/1"}],"replies":[{"embeddable":true,"href":"https:\/\/infozamoraec.com\/index.php\/wp-json\/wp\/v2\/comments?post=10738"}],"version-history":[{"count":1,"href":"https:\/\/infozamoraec.com\/index.php\/wp-json\/wp\/v2\/posts\/10738\/revisions"}],"predecessor-version":[{"id":10740,"href":"https:\/\/infozamoraec.com\/index.php\/wp-json\/wp\/v2\/posts\/10738\/revisions\/10740"}],"wp:featuredmedia":[{"embeddable":true,"href":"https:\/\/infozamoraec.com\/index.php\/wp-json\/wp\/v2\/media\/10739"}],"wp:attachment":[{"href":"https:\/\/infozamoraec.com\/index.php\/wp-json\/wp\/v2\/media?parent=10738"}],"wp:term":[{"taxonomy":"category","embeddable":true,"href":"https:\/\/infozamoraec.com\/index.php\/wp-json\/wp\/v2\/categories?post=10738"},{"taxonomy":"post_tag","embeddable":true,"href":"https:\/\/infozamoraec.com\/index.php\/wp-json\/wp\/v2\/tags?post=10738"}],"curies":[{"name":"wp","href":"https:\/\/api.w.org\/{rel}","templated":true}]}}