{"id":10735,"date":"2025-03-17T23:36:31","date_gmt":"2025-03-17T23:36:31","guid":{"rendered":"https:\/\/infozamoraec.com\/?p=10735"},"modified":"2025-03-17T23:36:31","modified_gmt":"2025-03-17T23:36:31","slug":"equipo-de-luisa-cancelo-entrevista-con-el-portal-la-contra-luego-que-se-filtraran-chats-de-liga-azul-2","status":"publish","type":"post","link":"https:\/\/infozamoraec.com\/index.php\/2025\/03\/17\/equipo-de-luisa-cancelo-entrevista-con-el-portal-la-contra-luego-que-se-filtraran-chats-de-liga-azul-2\/","title":{"rendered":"Equipo de Luisa cancel\u00f3 entrevista con el portal La Contra luego que se filtraran chats de \u2018Liga Azul 2\u2019"},"content":{"rendered":"<p>Se ten\u00eda previsto que la candidata presidencial del corre\u00edsmo,\u00a0<strong><a title=\"\" href=\"https:\/\/www.larepublica.ec\/blog\/2025\/03\/14\/luisa-incita-a-ciudadanos-a-llevar-celulares-a-recintos-electorales\/\" target=\"_blank\" rel=\"noopener\">Luisa Gonz\u00e1lez<\/a><\/strong>, sea entrevistada por el comunicador del portal La Contra, Fernando Ampuero, a las 11:00, de hoy; sin embargo, ya eran m\u00e1s de las 12:00 y la presidenciable a\u00fan no se conectaba a sesi\u00f3n virtual. Incluso las transmisiones en vivo fueron cortadas tanto de las cuentas de la aspirante como de la Revoluci\u00f3n Ciudadana (RC5).<\/p>\n<p>El periodista Ampuero trat\u00f3 de contactarse con la aspirante, pero contest\u00f3 su equipo y pidi\u00f3 que\u00a0<strong>la entrevista mejor sea cancelada porque supuestamente la conectividad era \u2018p\u00e9sima\u2019, y sea aplazada para este mi\u00e9rcoles, 19 del presente mes.<\/strong><\/p>\n<p>Ampuero dijo que\u00a0<strong>iba abordar temas relevantes como el de los exconsejeros del corre\u00edsmo involucrados por el presunto caso de asociaci\u00f3n il\u00edcita.<\/strong><\/p>\n<p>Se desconoce la ubicaci\u00f3n exacta de Luisa, pero no particip\u00f3 en la entrevista virtual, con el portal digital La Contra, a las 11:00, de hoy. El equipo de la candidata coment\u00f3 que lo reprogramen para este mi\u00e9rcoles, 19 de marzo. El pasado viernes, 14 del presente mes, estuvo en Guayaquil cumpliendo agenda. Mientras que, su binomio\u00a0<strong><a href=\"https:\/\/x.com\/DiegoBorjaPC\" target=\"_blank\">Diego Borja<\/a><\/strong>\u00a0no se encuentra en el Ecuador, sino que est\u00e1 en Europa, visitando al expresidente Rafael Correa, por lo tanto, no declar\u00f3 hoy.<\/p>\n<p>En esta primera contienda,\u00a0con corte a las 10:00 de hoy y con el 100% de actas escrutadas,\u00a0<strong><a href=\"https:\/\/x.com\/LuisaGonzalezEc\" target=\"_blank\">Luisa<\/a><\/strong>\u00a0qued\u00f3 en segundo lugar, con el 43.97%, mientras que, su oponente, el presidente de la Rep\u00fablica,\u00a0<strong><a href=\"https:\/\/x.com\/DanielNoboaOk\" target=\"_blank\">Daniel\u00a0Noboa<\/a><\/strong>, quien busca su reelecci\u00f3n por 4 a\u00f1os m\u00e1s\u00a0(2025-2029)\u00a0lider\u00f3 el primer puesto, con el 44.17%. A ambos los separan la m\u00ednima diferencia del 0.20%.<\/p>\n<p>Previo a la segunda vuelta electoral el siguiente domingo, 13 de abril, el presidente de la Rep\u00fablica,\u00a0Daniel Noboa, y la candidata presidencial del corre\u00edsmo,\u00a0Luisa Gonz\u00e1lez, debatir\u00e1n obligatoriamente el pr\u00f3ximo domingo, 23 de marzo, y cumplir\u00e1n proselitismo desde el lunes, 24 de ese mes, hasta el jueves, 10 de abril, seg\u00fan el calendario del\u00a0Consejo Nacional Electoral (CNE).<\/p>\n<p>Rafael Correa\u00a0actualmente reside en B\u00e9lgica. Al igual que varios funcionarios de su gobierno, fue condenado por su papel en tramas de corrupci\u00f3n. El exmandatario insiste en que es v\u00edctima de persecuci\u00f3n pol\u00edtica y niega haber participado en actos criminales.<\/p>\n","protected":false},"excerpt":{"rendered":"<p>Se ten\u00eda previsto que la candidata presidencial del corre\u00edsmo,\u00a0Luisa Gonz\u00e1lez, sea entrevistada por el comunicador del portal La Contra, Fernando Ampuero, a las 11:00, de hoy; sin embargo, ya eran m\u00e1s de las 12:00 y la presidenciable a\u00fan no se conectaba a sesi\u00f3n virtual. Incluso las transmisiones en vivo fueron cortadas tanto de las cuentas [&hellip;]<\/p>\n","protected":false},"author":1,"featured_media":10736,"comment_status":"open","ping_status":"open","sticky":false,"template":"","format":"standard","meta":{"footnotes":""},"categories":[12],"tags":[],"_links":{"self":[{"href":"https:\/\/infozamoraec.com\/index.php\/wp-json\/wp\/v2\/posts\/10735"}],"collection":[{"href":"https:\/\/infozamoraec.com\/index.php\/wp-json\/wp\/v2\/posts"}],"about":[{"href":"https:\/\/infozamoraec.com\/index.php\/wp-json\/wp\/v2\/types\/post"}],"author":[{"embeddable":true,"href":"https:\/\/infozamoraec.com\/index.php\/wp-json\/wp\/v2\/users\/1"}],"replies":[{"embeddable":true,"href":"https:\/\/infozamoraec.com\/index.php\/wp-json\/wp\/v2\/comments?post=10735"}],"version-history":[{"count":1,"href":"https:\/\/infozamoraec.com\/index.php\/wp-json\/wp\/v2\/posts\/10735\/revisions"}],"predecessor-version":[{"id":10737,"href":"https:\/\/infozamoraec.com\/index.php\/wp-json\/wp\/v2\/posts\/10735\/revisions\/10737"}],"wp:featuredmedia":[{"embeddable":true,"href":"https:\/\/infozamoraec.com\/index.php\/wp-json\/wp\/v2\/media\/10736"}],"wp:attachment":[{"href":"https:\/\/infozamoraec.com\/index.php\/wp-json\/wp\/v2\/media?parent=10735"}],"wp:term":[{"taxonomy":"category","embeddable":true,"href":"https:\/\/infozamoraec.com\/index.php\/wp-json\/wp\/v2\/categories?post=10735"},{"taxonomy":"post_tag","embeddable":true,"href":"https:\/\/infozamoraec.com\/index.php\/wp-json\/wp\/v2\/tags?post=10735"}],"curies":[{"name":"wp","href":"https:\/\/api.w.org\/{rel}","templated":true}]}}