{"id":10728,"date":"2025-03-17T23:25:50","date_gmt":"2025-03-17T23:25:50","guid":{"rendered":"https:\/\/infozamoraec.com\/?p=10728"},"modified":"2025-03-17T23:25:50","modified_gmt":"2025-03-17T23:25:50","slug":"en-yantzaza-la-movilidad-se-ordena-con-la-unidireccionalidad-de-vias","status":"publish","type":"post","link":"https:\/\/infozamoraec.com\/index.php\/2025\/03\/17\/en-yantzaza-la-movilidad-se-ordena-con-la-unidireccionalidad-de-vias\/","title":{"rendered":"En Yantzaza, la movilidad se ordena con la unidireccionalidad de v\u00edas"},"content":{"rendered":"<p>La Alcald\u00eda de Yantzaza, por medio de la Unidad T\u00e9cnica de Movilidad, se encuentra implementando el proyecto de Se\u00f1alizaci\u00f3n y cambio de direccionalidad en las v\u00edas de la zona urbana. El prop\u00f3sito de esta pol\u00edtica de ordenamiento, es mejorar los procesos de transporte vehicular, vialidad y tr\u00e1nsito de peatones, dado el crecimiento urbano e incremento del parque automotor de Valle de las Luci\u00e9rnagas.<\/p>\n<p>Andreina Luzuriaga, jefa de la Unidad T\u00e9cnica de Movilidad, record\u00f3 que \u201cen 2024 se ejecut\u00f3 ya un primer proyecto de cambio de direccionalidad en los alrededores del Parque Central. En este segundo proyecto, ampliamos estas acciones a las calles de los barrios Central, Norte, Sur y San Francisco. Pretendemos reducir la congesti\u00f3n, mejor la fluidez y ordenar el tr\u00e1nsito. Este es un plan, que se complementa con se\u00f1alizaci\u00f3n horizontal y vertical, y la renovaci\u00f3n urbana que est\u00e1 experimentando la ciudad\u201d.<\/p>\n<p>Se trata de la intervenci\u00f3n en al menos 30 calles de los barrios del casco c\u00e9ntrico de la urbe, cuya inversi\u00f3n es de aproximadamente 22 mil d\u00f3lares.<\/p>\n<p>Adicionalmente, la funcionaria, destac\u00f3 la socializaci\u00f3n de la Propuesta de estacionamiento tarifado y necesidades del transporte terrestre que opera en Yantzaza, que se efectu\u00f3 el pasado jueves 13 de marzo, iniciativa que fortalece el ordenamiento vial urbano que se est\u00e1 implementando en el cant\u00f3n.<\/p>\n<p>Por su parte, Gloria Sandoval, integrante del Consejo de Administraci\u00f3n de la Cooperativa de Taxis 17 de Marzo, sostuvo: \u201cme parecen adecuadas estas acciones que se est\u00e1n implementando por parte de la Alcald\u00eda. Si bien, hay conductores que han expresado molestias por las nuevas medidas, estoy segura que, con el pasar del tiempo, todos nos iremos acoplando a esta normativa, porque finalmente, son acciones en favor del desarrollo del cant\u00f3n\u201d, agreg\u00f3.<\/p>\n","protected":false},"excerpt":{"rendered":"<p>La Alcald\u00eda de Yantzaza, por medio de la Unidad T\u00e9cnica de Movilidad, se encuentra implementando el proyecto de Se\u00f1alizaci\u00f3n y cambio de direccionalidad en las v\u00edas de la zona urbana. El prop\u00f3sito de esta pol\u00edtica de ordenamiento, es mejorar los procesos de transporte vehicular, vialidad y tr\u00e1nsito de peatones, dado el crecimiento urbano e incremento [&hellip;]<\/p>\n","protected":false},"author":1,"featured_media":10729,"comment_status":"open","ping_status":"open","sticky":false,"template":"","format":"standard","meta":{"footnotes":""},"categories":[9],"tags":[],"_links":{"self":[{"href":"https:\/\/infozamoraec.com\/index.php\/wp-json\/wp\/v2\/posts\/10728"}],"collection":[{"href":"https:\/\/infozamoraec.com\/index.php\/wp-json\/wp\/v2\/posts"}],"about":[{"href":"https:\/\/infozamoraec.com\/index.php\/wp-json\/wp\/v2\/types\/post"}],"author":[{"embeddable":true,"href":"https:\/\/infozamoraec.com\/index.php\/wp-json\/wp\/v2\/users\/1"}],"replies":[{"embeddable":true,"href":"https:\/\/infozamoraec.com\/index.php\/wp-json\/wp\/v2\/comments?post=10728"}],"version-history":[{"count":2,"href":"https:\/\/infozamoraec.com\/index.php\/wp-json\/wp\/v2\/posts\/10728\/revisions"}],"predecessor-version":[{"id":10731,"href":"https:\/\/infozamoraec.com\/index.php\/wp-json\/wp\/v2\/posts\/10728\/revisions\/10731"}],"wp:featuredmedia":[{"embeddable":true,"href":"https:\/\/infozamoraec.com\/index.php\/wp-json\/wp\/v2\/media\/10729"}],"wp:attachment":[{"href":"https:\/\/infozamoraec.com\/index.php\/wp-json\/wp\/v2\/media?parent=10728"}],"wp:term":[{"taxonomy":"category","embeddable":true,"href":"https:\/\/infozamoraec.com\/index.php\/wp-json\/wp\/v2\/categories?post=10728"},{"taxonomy":"post_tag","embeddable":true,"href":"https:\/\/infozamoraec.com\/index.php\/wp-json\/wp\/v2\/tags?post=10728"}],"curies":[{"name":"wp","href":"https:\/\/api.w.org\/{rel}","templated":true}]}}