{"id":10699,"date":"2025-03-15T02:16:31","date_gmt":"2025-03-15T02:16:31","guid":{"rendered":"https:\/\/infozamoraec.com\/?p=10699"},"modified":"2025-03-15T02:16:31","modified_gmt":"2025-03-15T02:16:31","slug":"medios-criticos-de-nicaragua-denuncian-bloqueo-de-sitios-web","status":"publish","type":"post","link":"https:\/\/infozamoraec.com\/index.php\/2025\/03\/15\/medios-criticos-de-nicaragua-denuncian-bloqueo-de-sitios-web\/","title":{"rendered":"Medios cr\u00edticos de Nicaragua denuncian bloqueo de sitios web"},"content":{"rendered":"<p>Medios de prensa independientes de\u00a0<a class=\"internal-link\" href=\"https:\/\/www.dw.com\/es\/nicaragua\/t-19469056\" target=\"_blank\" rel=\"noopener\">NIcaragua<\/a>\u00a0denunciaron\u00a0el viernes (14.03.2025) que el gobierno de\u00a0<a class=\"internal-link\" href=\"https:\/\/www.dw.com\/es\/ortega-daniel\/t-19442508\" target=\"_blank\" rel=\"noopener\">Daniel Ortega<\/a>\u00a0bloque\u00f3 sus sitios web con dominio .ni, entre ellos el de la plataforma 100 % Noticias.<\/p>\n<p>\u00abLa dictadura de Daniel Ortega ha ordenado el bloqueo del sitio web de 100 % Noticias en el dominio .ni, en un nuevo intento de censura contra la prensa independiente\u00bb, indic\u00f3 ese medio en una nota.<\/p>\n<p>La\u00a0<a class=\"internal-link\" href=\"https:\/\/www.dw.com\/es\/francia-condena-con-firmeza-ataques-a-libertad-de-prensa-en-nicaragua\/a-57664314\" target=\"_blank\" rel=\"noopener\">medida fue ejecutada<\/a>\u00a0por la estatal Universidad Nacional de Ingenier\u00eda (UNI), instituci\u00f3n que administra todos los dominios .ni en el pa\u00eds, afirm\u00f3 el medio.<\/p>\n<p>Luego de que l Fiscal\u00eda General del Estado ordenara ubicaci\u00f3n y retenci\u00f3n contra el exabogado de Jorge Glas y exmiembro de la Liga Az\u00fal del Consejo de Participaci\u00f3n Ciudadana y Control Social (CPCCS), el ministro del Interior, John Reimberg, indic\u00f3 que Franco Loor, de 70 a\u00f1os, \u00abdijo tener problemas de salud tiene problemas de salud relacionados con la presi\u00f3n\u00bb.<\/p>\n<p>Seg\u00fan 100 % Noticias, este bloqueo viola convenios internacionales sobre derechos digitales y \u00abpodr\u00eda derivar en la p\u00e9rdida de la administraci\u00f3n de los dominios .ni por parte de Nicaragua\u00bb. Agreg\u00f3 que ante la censura, el canal migr\u00f3 aldominio www.100noticias.tv\u00a0\u00abgarantizando as\u00ed el\u00a0<a class=\"internal-link\" href=\"https:\/\/www.dw.com\/es\/nicaragua-el-pa%C3%ADs-del-silencio\/a-69453168\" target=\"_blank\" rel=\"noopener\">acceso a la informaci\u00f3n<\/a>\u00a0para los nicarag\u00fcenses dentro y fuera del pa\u00eds\u00bb, anunci\u00f3.<\/p>\n<p>Otros medios afectados son Onda Local y el diario La Prensa, que manten\u00edan sus dominios ondalocal.com.ni y laprensa.com.ni.<\/p>\n<p>En el caso de La Prensa ya se hab\u00eda adelantado a un posible bloqueo y hab\u00eda optado por un dominio alterno con el que est\u00e1 operando. La Prensa, que ahora solo circula en digital, dijo: \u00abDictadura bota los dominios .ni de medios independientes en Nicaragua\u00bb.<\/p>\n<p>La organizaci\u00f3n gremial Periodistas y Comunicadores Independientes de Nicaragua (PCIN), que agrupa a la mayor\u00eda de hombres y mujeres de prensa exiliados y desterrados por Ortega,\u00a0denunci\u00f3\u00a0esta nueva escalada de censura. Otras organizaciones como Reporteros sin Fronteras se sumaron a la denuncia.<\/p>\n","protected":false},"excerpt":{"rendered":"<p>Medios de prensa independientes de\u00a0NIcaragua\u00a0denunciaron\u00a0el viernes (14.03.2025) que el gobierno de\u00a0Daniel Ortega\u00a0bloque\u00f3 sus sitios web con dominio .ni, entre ellos el de la plataforma 100 % Noticias. \u00abLa dictadura de Daniel Ortega ha ordenado el bloqueo del sitio web de 100 % Noticias en el dominio .ni, en un nuevo intento de censura contra la [&hellip;]<\/p>\n","protected":false},"author":1,"featured_media":10701,"comment_status":"open","ping_status":"open","sticky":false,"template":"","format":"standard","meta":{"footnotes":""},"categories":[8],"tags":[],"_links":{"self":[{"href":"https:\/\/infozamoraec.com\/index.php\/wp-json\/wp\/v2\/posts\/10699"}],"collection":[{"href":"https:\/\/infozamoraec.com\/index.php\/wp-json\/wp\/v2\/posts"}],"about":[{"href":"https:\/\/infozamoraec.com\/index.php\/wp-json\/wp\/v2\/types\/post"}],"author":[{"embeddable":true,"href":"https:\/\/infozamoraec.com\/index.php\/wp-json\/wp\/v2\/users\/1"}],"replies":[{"embeddable":true,"href":"https:\/\/infozamoraec.com\/index.php\/wp-json\/wp\/v2\/comments?post=10699"}],"version-history":[{"count":1,"href":"https:\/\/infozamoraec.com\/index.php\/wp-json\/wp\/v2\/posts\/10699\/revisions"}],"predecessor-version":[{"id":10702,"href":"https:\/\/infozamoraec.com\/index.php\/wp-json\/wp\/v2\/posts\/10699\/revisions\/10702"}],"wp:featuredmedia":[{"embeddable":true,"href":"https:\/\/infozamoraec.com\/index.php\/wp-json\/wp\/v2\/media\/10701"}],"wp:attachment":[{"href":"https:\/\/infozamoraec.com\/index.php\/wp-json\/wp\/v2\/media?parent=10699"}],"wp:term":[{"taxonomy":"category","embeddable":true,"href":"https:\/\/infozamoraec.com\/index.php\/wp-json\/wp\/v2\/categories?post=10699"},{"taxonomy":"post_tag","embeddable":true,"href":"https:\/\/infozamoraec.com\/index.php\/wp-json\/wp\/v2\/tags?post=10699"}],"curies":[{"name":"wp","href":"https:\/\/api.w.org\/{rel}","templated":true}]}}