{"id":10696,"date":"2025-03-15T02:14:07","date_gmt":"2025-03-15T02:14:07","guid":{"rendered":"https:\/\/infozamoraec.com\/?p=10696"},"modified":"2025-03-15T02:14:07","modified_gmt":"2025-03-15T02:14:07","slug":"luz-verde-a-la-recoleccion-de-firmas-que-permitan-la-revocatoria-del-mandato-de-pabel-munoz-alcalde-de-quito","status":"publish","type":"post","link":"https:\/\/infozamoraec.com\/index.php\/2025\/03\/15\/luz-verde-a-la-recoleccion-de-firmas-que-permitan-la-revocatoria-del-mandato-de-pabel-munoz-alcalde-de-quito\/","title":{"rendered":"Luz verde a la recolecci\u00f3n de firmas que permitan la revocatoria del mandato de Pabel Mu\u00f1oz, alcalde de Quito"},"content":{"rendered":"<p>El Pleno del Tribunal Contencioso Electora orden\u00f3 al CNE entregar los formularios para la recolecci\u00f3n de firmas que den paso a la revocatoria del mandato de Pabel Mu\u00f1oz.<\/p>\n<p>Con tres votos a favor, el Pleno del Tribunal Contencioso Electora (TCE) orden\u00f3 este 14 de marzo al Consejo Nacional Electoral (CNE) entregar en el plazo de 15 d\u00edas los formularios para la recolecci\u00f3n de firmas y activar el proceso de revocatoria de mandato del alcalde de Quito, Pabel Mu\u00f1oz<\/p>\n<p>El TCE dej\u00f3 sin efecto una sentencia previa del juez Joaqu\u00edn Viteri al respecto y dio paso al proceso solicitado por N\u00e9stor Marroqu\u00edn.<\/p>\n<p>La causal para dicha solicitud es el presunto incumplimiento de funciones, lo cual est\u00e1 sustentado en la sentencia del propio TCE que sancion\u00f3 a Mu\u00f1oz por inducir al voto en el ejercicio de sus funciones.<\/p>\n<p>El proceso comenz\u00f3 el 5 de agosto de 2024, cuando el colectivo ciudadano Cuida tu Voto dio el primer paso para pedir la revocatoria de mandato del alcalde de Quito, Pabel Mu\u00f1oz. N\u00e9stor Marroqu\u00edn, a t\u00edtulo personal, ingres\u00f3 la solicitud a la Delegaci\u00f3n Electoral de Pichincha.<\/p>\n<p>La raz\u00f3n para este pedido fue que Pabel Mu\u00f1oz, en las elecciones presidenciales de 2023, apareci\u00f3 promocionando en redes sociales la candidatura de Luisa Gonz\u00e1lez, un tema que est\u00e1 prohibido por la ley electoral.<\/p>\n<p>El alcalde Mu\u00f1oz, exfuncionario del gobierno de Rafael Correa, ya fue sancionado por esta causa en el Tribunal Contencioso Electoral (TCE) y sentenciado a pagar una multa de USD 9.200, equivalente a 20 salarios b\u00e1sicos unificados y a ofrecer disculpas p\u00fablicas.<\/p>\n<p>Marroqu\u00edn asegur\u00f3 que la revocatoria del mandato no significa una doble sanci\u00f3n para el Alcalde, porque la primera se trata de una sanci\u00f3n administrativa dictada por jueces electorales, en tanto que en la revocatoria la ciudadan\u00eda se pronuncia.<\/p>\n","protected":false},"excerpt":{"rendered":"<p>El Pleno del Tribunal Contencioso Electora orden\u00f3 al CNE entregar los formularios para la recolecci\u00f3n de firmas que den paso a la revocatoria del mandato de Pabel Mu\u00f1oz. Con tres votos a favor, el Pleno del Tribunal Contencioso Electora (TCE) orden\u00f3 este 14 de marzo al Consejo Nacional Electoral (CNE) entregar en el plazo de [&hellip;]<\/p>\n","protected":false},"author":1,"featured_media":10697,"comment_status":"open","ping_status":"open","sticky":false,"template":"","format":"standard","meta":{"footnotes":""},"categories":[12],"tags":[],"_links":{"self":[{"href":"https:\/\/infozamoraec.com\/index.php\/wp-json\/wp\/v2\/posts\/10696"}],"collection":[{"href":"https:\/\/infozamoraec.com\/index.php\/wp-json\/wp\/v2\/posts"}],"about":[{"href":"https:\/\/infozamoraec.com\/index.php\/wp-json\/wp\/v2\/types\/post"}],"author":[{"embeddable":true,"href":"https:\/\/infozamoraec.com\/index.php\/wp-json\/wp\/v2\/users\/1"}],"replies":[{"embeddable":true,"href":"https:\/\/infozamoraec.com\/index.php\/wp-json\/wp\/v2\/comments?post=10696"}],"version-history":[{"count":1,"href":"https:\/\/infozamoraec.com\/index.php\/wp-json\/wp\/v2\/posts\/10696\/revisions"}],"predecessor-version":[{"id":10698,"href":"https:\/\/infozamoraec.com\/index.php\/wp-json\/wp\/v2\/posts\/10696\/revisions\/10698"}],"wp:featuredmedia":[{"embeddable":true,"href":"https:\/\/infozamoraec.com\/index.php\/wp-json\/wp\/v2\/media\/10697"}],"wp:attachment":[{"href":"https:\/\/infozamoraec.com\/index.php\/wp-json\/wp\/v2\/media?parent=10696"}],"wp:term":[{"taxonomy":"category","embeddable":true,"href":"https:\/\/infozamoraec.com\/index.php\/wp-json\/wp\/v2\/categories?post=10696"},{"taxonomy":"post_tag","embeddable":true,"href":"https:\/\/infozamoraec.com\/index.php\/wp-json\/wp\/v2\/tags?post=10696"}],"curies":[{"name":"wp","href":"https:\/\/api.w.org\/{rel}","templated":true}]}}