{"id":10693,"date":"2025-03-15T02:12:37","date_gmt":"2025-03-15T02:12:37","guid":{"rendered":"https:\/\/infozamoraec.com\/?p=10693"},"modified":"2025-03-15T02:12:37","modified_gmt":"2025-03-15T02:12:37","slug":"tce-nego-la-denuncia-presentada-por-diana-jacome-en-contra-de-veronica-abad","status":"publish","type":"post","link":"https:\/\/infozamoraec.com\/index.php\/2025\/03\/15\/tce-nego-la-denuncia-presentada-por-diana-jacome-en-contra-de-veronica-abad\/","title":{"rendered":"TCE neg\u00f3 la denuncia presentada por Diana J\u00e1come en contra de Ver\u00f3nica Abad"},"content":{"rendered":"<p>La decisi\u00f3n fue tomada por la jueza Ivonne Coloma.<\/p>\n<p>El pasado 15 de agosto de 2024, la asamble\u00edsta electa Diana J\u00e1come present\u00f3 una denuncia ante el Tribunal Contencioso Electoral, por violencia pol\u00edtica de genero en contra de Ver\u00f3nica Abad.<\/p>\n<p>El Tribunal Contencioso Electoral ha resuelto negar la denuncia presentada por la asamble\u00edsta electa J\u00e1come. La decisi\u00f3n fue tomada por la jueza Ivonne Coloma.<\/p>\n<p>En su fallo, la jueza dispuso que, una vez ejecutoriada la sentencia, se ponga en conocimiento del Consejo de la Judicatura la inasistencia injustificada del perito Nelson Patricio Mej\u00eda Zambrano, para que se adopten las medidas disciplinarias pertinentes.<\/p>\n<p>El tribunal tambi\u00e9n instruy\u00f3 enviar una copia certificada del expediente a la Contralor\u00eda General del Estado, para que se investigue el uso de los recursos p\u00fablicos asignados a la residencia diplom\u00e1tica de Abad en Ankara, Turqu\u00eda, y se determine si fueron utilizados conforme a los principios de legalidad y eficiencia en la administraci\u00f3n de bienes y fondos p\u00fablicos.<\/p>\n<p>Adem\u00e1s, se dispuso archivar la causa una vez que la sentencia quede ejecutoriada.<\/p>\n","protected":false},"excerpt":{"rendered":"<p>La decisi\u00f3n fue tomada por la jueza Ivonne Coloma. El pasado 15 de agosto de 2024, la asamble\u00edsta electa Diana J\u00e1come present\u00f3 una denuncia ante el Tribunal Contencioso Electoral, por violencia pol\u00edtica de genero en contra de Ver\u00f3nica Abad. El Tribunal Contencioso Electoral ha resuelto negar la denuncia presentada por la asamble\u00edsta electa J\u00e1come. La [&hellip;]<\/p>\n","protected":false},"author":1,"featured_media":10694,"comment_status":"open","ping_status":"open","sticky":false,"template":"","format":"standard","meta":{"footnotes":""},"categories":[12],"tags":[],"_links":{"self":[{"href":"https:\/\/infozamoraec.com\/index.php\/wp-json\/wp\/v2\/posts\/10693"}],"collection":[{"href":"https:\/\/infozamoraec.com\/index.php\/wp-json\/wp\/v2\/posts"}],"about":[{"href":"https:\/\/infozamoraec.com\/index.php\/wp-json\/wp\/v2\/types\/post"}],"author":[{"embeddable":true,"href":"https:\/\/infozamoraec.com\/index.php\/wp-json\/wp\/v2\/users\/1"}],"replies":[{"embeddable":true,"href":"https:\/\/infozamoraec.com\/index.php\/wp-json\/wp\/v2\/comments?post=10693"}],"version-history":[{"count":1,"href":"https:\/\/infozamoraec.com\/index.php\/wp-json\/wp\/v2\/posts\/10693\/revisions"}],"predecessor-version":[{"id":10695,"href":"https:\/\/infozamoraec.com\/index.php\/wp-json\/wp\/v2\/posts\/10693\/revisions\/10695"}],"wp:featuredmedia":[{"embeddable":true,"href":"https:\/\/infozamoraec.com\/index.php\/wp-json\/wp\/v2\/media\/10694"}],"wp:attachment":[{"href":"https:\/\/infozamoraec.com\/index.php\/wp-json\/wp\/v2\/media?parent=10693"}],"wp:term":[{"taxonomy":"category","embeddable":true,"href":"https:\/\/infozamoraec.com\/index.php\/wp-json\/wp\/v2\/categories?post=10693"},{"taxonomy":"post_tag","embeddable":true,"href":"https:\/\/infozamoraec.com\/index.php\/wp-json\/wp\/v2\/tags?post=10693"}],"curies":[{"name":"wp","href":"https:\/\/api.w.org\/{rel}","templated":true}]}}