{"id":10690,"date":"2025-03-15T02:11:20","date_gmt":"2025-03-15T02:11:20","guid":{"rendered":"https:\/\/infozamoraec.com\/?p=10690"},"modified":"2025-03-15T02:11:20","modified_gmt":"2025-03-15T02:11:20","slug":"eduardo-franco-loor-esta-retenido-en-guayaquil-y-tiene-problemas-de-presion","status":"publish","type":"post","link":"https:\/\/infozamoraec.com\/index.php\/2025\/03\/15\/eduardo-franco-loor-esta-retenido-en-guayaquil-y-tiene-problemas-de-presion\/","title":{"rendered":"Eduardo Franco Loor est\u00e1 retenido en Guayaquil y tiene problemas de presi\u00f3n"},"content":{"rendered":"<p>Luego de que l Fiscal\u00eda General del Estado ordenara ubicaci\u00f3n y retenci\u00f3n contra el exabogado de Jorge Glas y exmiembro de la Liga Az\u00fal del Consejo de Participaci\u00f3n Ciudadana y Control Social (CPCCS), el ministro del Interior, John Reimberg, indic\u00f3 que Franco Loor, de 70 a\u00f1os, \u00abdijo tener problemas de salud tiene problemas de salud relacionados con la presi\u00f3n\u00bb.<\/p>\n<p>As\u00ed, el retenido solicit\u00f3 permanecer en Guayaquil hasta que rinda versi\u00f3n el s\u00e1bado 15 a las 15:00 en la audiencia de formulaci\u00f3n de cargos.<\/p>\n<p>Pues Franco Loor, Augusto Verduga y Yadira Saltos, y la actual consejera Nicole Bonifaz, ser\u00e1n acusados de fraude procesal cuya denuncia fue presentada en enero pasado por Roberto Romero von Buchwald, actual superintendente de Bancos.<\/p>\n<p>\u201cEl se\u00f1or (Franco Loor), que l\u00f3gicamente, dijo que por problemas de salud no lo podr\u00eda hacer, que sufr\u00eda problemas de presi\u00f3n alta y bueno llama un poco la atenci\u00f3n porque su intenci\u00f3n era viajar a la ciudad de Bogot\u00e1, lo que no me hac\u00eda mucho sentido. Sin embargo, siempre y como debe ser, el Ministerio de Salud P\u00fablica se hizo presente, hizo una evaluaci\u00f3n m\u00e9dica y se determin\u00f3 que ten\u00eda un problema de presi\u00f3n y que era mejor que no viaje\u201d, indic\u00f3 el ministro.<\/p>\n<p>\u201cYo voy a estar en la audiencia, la telem\u00e1tica. Yo no sab\u00eda que hab\u00eda la audiencia\u201d, manifest\u00f3 Franco Loor mientras transitaba brevemente por el aeropuerto Jos\u00e9 Joaqu\u00edn de Olmedo de Guayaquil, tras su deportaci\u00f3n de Estados Unidos.<\/p>\n","protected":false},"excerpt":{"rendered":"<p>Luego de que l Fiscal\u00eda General del Estado ordenara ubicaci\u00f3n y retenci\u00f3n contra el exabogado de Jorge Glas y exmiembro de la Liga Az\u00fal del Consejo de Participaci\u00f3n Ciudadana y Control Social (CPCCS), el ministro del Interior, John Reimberg, indic\u00f3 que Franco Loor, de 70 a\u00f1os, \u00abdijo tener problemas de salud tiene problemas de salud [&hellip;]<\/p>\n","protected":false},"author":1,"featured_media":10691,"comment_status":"open","ping_status":"open","sticky":false,"template":"","format":"standard","meta":{"footnotes":""},"categories":[12],"tags":[],"_links":{"self":[{"href":"https:\/\/infozamoraec.com\/index.php\/wp-json\/wp\/v2\/posts\/10690"}],"collection":[{"href":"https:\/\/infozamoraec.com\/index.php\/wp-json\/wp\/v2\/posts"}],"about":[{"href":"https:\/\/infozamoraec.com\/index.php\/wp-json\/wp\/v2\/types\/post"}],"author":[{"embeddable":true,"href":"https:\/\/infozamoraec.com\/index.php\/wp-json\/wp\/v2\/users\/1"}],"replies":[{"embeddable":true,"href":"https:\/\/infozamoraec.com\/index.php\/wp-json\/wp\/v2\/comments?post=10690"}],"version-history":[{"count":1,"href":"https:\/\/infozamoraec.com\/index.php\/wp-json\/wp\/v2\/posts\/10690\/revisions"}],"predecessor-version":[{"id":10692,"href":"https:\/\/infozamoraec.com\/index.php\/wp-json\/wp\/v2\/posts\/10690\/revisions\/10692"}],"wp:featuredmedia":[{"embeddable":true,"href":"https:\/\/infozamoraec.com\/index.php\/wp-json\/wp\/v2\/media\/10691"}],"wp:attachment":[{"href":"https:\/\/infozamoraec.com\/index.php\/wp-json\/wp\/v2\/media?parent=10690"}],"wp:term":[{"taxonomy":"category","embeddable":true,"href":"https:\/\/infozamoraec.com\/index.php\/wp-json\/wp\/v2\/categories?post=10690"},{"taxonomy":"post_tag","embeddable":true,"href":"https:\/\/infozamoraec.com\/index.php\/wp-json\/wp\/v2\/tags?post=10690"}],"curies":[{"name":"wp","href":"https:\/\/api.w.org\/{rel}","templated":true}]}}