{"id":10687,"date":"2025-03-15T02:09:45","date_gmt":"2025-03-15T02:09:45","guid":{"rendered":"https:\/\/infozamoraec.com\/?p=10687"},"modified":"2025-03-15T02:09:45","modified_gmt":"2025-03-15T02:09:45","slug":"luisa-incita-a-ciudadanos-a-usar-celulares-en-recintos-electorales-pese-a-multa-del-cne","status":"publish","type":"post","link":"https:\/\/infozamoraec.com\/index.php\/2025\/03\/15\/luisa-incita-a-ciudadanos-a-usar-celulares-en-recintos-electorales-pese-a-multa-del-cne\/","title":{"rendered":"Luisa incita a ciudadanos a usar celulares en recintos electorales pese a multa del CNE"},"content":{"rendered":"<p>La candidata presidencial del corre\u00edsmo,\u00a0<strong><a href=\"https:\/\/www.larepublica.ec\/blog\/2025\/03\/11\/luisa-acusa-sin-pruebas-a-noboa-de-solapar-a-miembros-de-adn-con-presuntos-vinculos-delictivos\/\" target=\"_blank\" rel=\"noopener\">Luisa Gonz\u00e1lez<\/a><\/strong>, cuestion\u00f3 este viernes, 14 de marzo, en una entrevista, con Radio Atalaya 680 AM, en Guayaquil, a las 08:00,\u00a0<strong>luego que el Consejo Nacional Electoral (CNE) aprobara el pasado jueves, 13 del presente mes, la petici\u00f3n del presidente de la Rep\u00fablica,\u00a0<a title=\"\" href=\"https:\/\/x.com\/DanielNoboaOk\" target=\"_blank\">Daniel Noboa<\/a>, sobre prohibir el ingreso de dispositivos electr\u00f3nicos a los recintos electorales, de cara a la segunda vuelta, el pr\u00f3ximo domingo, 13 de abril.<\/strong><\/p>\n<p>Seg\u00fan\u00a0<strong><a title=\"\" href=\"https:\/\/www.larepublica.ec\/blog\/2025\/03\/11\/luisa-acusa-sin-pruebas-a-noboa-de-solapar-a-miembros-de-adn-con-presuntos-vinculos-delictivos\/\" target=\"_blank\" rel=\"noopener\">Luisa<\/a><\/strong>,\u00a0<strong>\u00abMuy importante con lo que hizo\u00a0la jefa de campa\u00f1a de Daniel\u00a0Noboa ayer en el CNE.\u00a0Y perd\u00f3n, pero la se\u00f1ora\u00a0Diana Atamaint, el se\u00f1or Cabrera. \u00bfQu\u00e9 decisi\u00f3n tomaron en\u00a0el Consejo Nacional Electoral?\u00a0Robarnos la libertad de usar\u00a0un celular\u00bb.<\/strong><\/p>\n<p><strong>\u00abAtamaint como\u00a0presidenta del Consejo Nacional\u00a0Electoral es una perfecta y\u00a0magn\u00edfica jefa de campa\u00f1a de\u00a0Daniel Noboa, en donde \u00e9l le orden\u00f3 que se proh\u00edba\u00a0el uso de los celulares en los\u00a0recintos electorales y\u00a0ella acata la orden, \u00bfno?\u00bb<\/strong>, pregunt\u00f3.<\/p>\n<p><strong>\u00abEstamos en un pa\u00eds que no\u00a0se respeta la Constituci\u00f3n, las leyes y\u00a0que ahora nos roban la libertad\u00a0de andar con un celular, y\u00a0hacer una fotograf\u00eda, video.\u00a0\u00bfQu\u00e9 quieren?\u00a0Robarnos la democracia tambi\u00e9n. Nos vamos a pronunciar\u00a0muy fuertemente\u00bb,<\/strong>\u00a0avis\u00f3.<\/p>\n<p><strong>\u00abPrimero, por\u00a0el derecho de los ecuatorianos\u00a0a llevar nuestros celulares y\u00a0hacer fotos de nuestras\u00a0actividades personales.\u00a0\u00bfEn qu\u00e9 les molesta tanto\u00a0que un ciudadano lo lleve\u00a0y que en el conteo de los votos\u00a0no haya dispositivos m\u00f3viles,\u00a0que no quieren que en el conteo\u00a0de los votos haya una foto,\u00a0una grabaci\u00f3n?\u00bb,\u00a0<\/strong>interrog\u00f3.<\/p>\n<p><strong>\u00ab\u00bfPor qu\u00e9?\u00a0\u00bfQu\u00e9 les preocupa?\u00a0\u00bfAcaso est\u00e1n planificando\u00a0un fraude, robarnos\u00a0la democracia?\u00a0Es inconstitucional e ilegal, que\u00a0nos proh\u00edban el uso del celular,\u00a0incluso en el conteo de los votos\u00bb,<\/strong>\u00a0alert\u00f3.<\/p>\n<h2 class=\"wp-block-heading\">Sanci\u00f3n por desacatar medida<\/h2>\n<p>El CNE se\u00f1al\u00f3 este viernes, 14 de marzo, a trav\u00e9s de una rueda de prensa, en Quito, que de acuerdo al C\u00f3digo de la Democracia, en su art\u00edculo 279, numeral 12, estipula que el no cumplimiento de las decisiones del Consejo constituye una infracci\u00f3n electoral de gran gravedad, sancionada con\u00a0<strong>multas que oscilan entre 9.870 y 32.900 d\u00f3lares<\/strong>,<strong>\u00a0o con la p\u00e9rdida de los derechos pol\u00edticos<\/strong>\u00a0<strong>durante 4 a\u00f1os.<\/strong><\/p>\n<figure class=\"wp-block-embed is-type-rich is-provider-twitter wp-block-embed-twitter\">\n<div class=\"wp-block-embed__wrapper\"><\/div>\n<\/figure>\n","protected":false},"excerpt":{"rendered":"<p>La candidata presidencial del corre\u00edsmo,\u00a0Luisa Gonz\u00e1lez, cuestion\u00f3 este viernes, 14 de marzo, en una entrevista, con Radio Atalaya 680 AM, en Guayaquil, a las 08:00,\u00a0luego que el Consejo Nacional Electoral (CNE) aprobara el pasado jueves, 13 del presente mes, la petici\u00f3n del presidente de la Rep\u00fablica,\u00a0Daniel Noboa, sobre prohibir el ingreso de dispositivos electr\u00f3nicos a [&hellip;]<\/p>\n","protected":false},"author":1,"featured_media":10688,"comment_status":"open","ping_status":"open","sticky":false,"template":"","format":"standard","meta":{"footnotes":""},"categories":[12],"tags":[],"_links":{"self":[{"href":"https:\/\/infozamoraec.com\/index.php\/wp-json\/wp\/v2\/posts\/10687"}],"collection":[{"href":"https:\/\/infozamoraec.com\/index.php\/wp-json\/wp\/v2\/posts"}],"about":[{"href":"https:\/\/infozamoraec.com\/index.php\/wp-json\/wp\/v2\/types\/post"}],"author":[{"embeddable":true,"href":"https:\/\/infozamoraec.com\/index.php\/wp-json\/wp\/v2\/users\/1"}],"replies":[{"embeddable":true,"href":"https:\/\/infozamoraec.com\/index.php\/wp-json\/wp\/v2\/comments?post=10687"}],"version-history":[{"count":1,"href":"https:\/\/infozamoraec.com\/index.php\/wp-json\/wp\/v2\/posts\/10687\/revisions"}],"predecessor-version":[{"id":10689,"href":"https:\/\/infozamoraec.com\/index.php\/wp-json\/wp\/v2\/posts\/10687\/revisions\/10689"}],"wp:featuredmedia":[{"embeddable":true,"href":"https:\/\/infozamoraec.com\/index.php\/wp-json\/wp\/v2\/media\/10688"}],"wp:attachment":[{"href":"https:\/\/infozamoraec.com\/index.php\/wp-json\/wp\/v2\/media?parent=10687"}],"wp:term":[{"taxonomy":"category","embeddable":true,"href":"https:\/\/infozamoraec.com\/index.php\/wp-json\/wp\/v2\/categories?post=10687"},{"taxonomy":"post_tag","embeddable":true,"href":"https:\/\/infozamoraec.com\/index.php\/wp-json\/wp\/v2\/tags?post=10687"}],"curies":[{"name":"wp","href":"https:\/\/api.w.org\/{rel}","templated":true}]}}