{"id":10652,"date":"2025-03-14T00:13:14","date_gmt":"2025-03-14T00:13:14","guid":{"rendered":"https:\/\/infozamoraec.com\/?p=10652"},"modified":"2025-03-14T00:15:54","modified_gmt":"2025-03-14T00:15:54","slug":"indignacion-en-argentina-por-la-dura-represion-de-protestas","status":"publish","type":"post","link":"https:\/\/infozamoraec.com\/index.php\/2025\/03\/14\/indignacion-en-argentina-por-la-dura-represion-de-protestas\/","title":{"rendered":"Indignaci\u00f3n en Argentina por la dura represi\u00f3n de protestas"},"content":{"rendered":"<p>En Buenos Aires, decenas de miles de jubilados y aficionados al f\u00fatbol se manifestaron contra la pol\u00edtica de austeridad del presidente argentino,\u00a0<a class=\"internal-link\" href=\"https:\/\/www.dw.com\/es\/milei-javier\/t-67510223\" target=\"_blank\" rel=\"noopener\">Javier Milei<\/a>. En la manifestaci\u00f3n del mi\u00e9rcoles (12.3.2025), estall\u00f3 la violencia cuando las unidades policiales situadas frente al edificio del Congreso utilizaron ca\u00f1ones de agua y gases lacrim\u00f3genos contra los manifestantes.<\/p>\n<p>Al menos 100 personas resultaron heridas y otras 150 fueron detenidas, seg\u00fan los medios locales, pero fueron liberadas horas despu\u00e9s por decisi\u00f3n de un juez. Hay un herido grave, un periodista identificado como Pablo Grillo, que fue alcanzado por un proyectil mientras tomaba fotos, seg\u00fan puede verse en un video replicado en redes sociales.<\/p>\n<p>Su padre, Fabi\u00e1n Grillo, apunt\u00f3 contra el presidente Milei y la ministra de Seguridad, Patricia Bullrich, y dijo que \u00abmandan a matar\u00bb y que por eso la vida de su hijo \u00abcorre peligro\u00bb, en un video difundido en la prensa local.<\/p>\n<h2>Bullrich anunci\u00f3 duras medidas policiales antes de la protesta<\/h2>\n<p>Los jubilados\u00a0llevan meses protestando en la capital argentina contra la p\u00e9rdida de poder adquisitivo de sus pensiones y rentas vitalicias. En repetidas ocasiones, la polic\u00eda ha actuado brutalmente contra ellos. La escalada se produjo esta vez porque miles de aficionados al f\u00fatbol de varios clubes se hab\u00edan solidarizado con los jubilados.<\/p>\n<p>Muchos manifestantes portaban\u00a0pancartas con una cita del \u00eddolo del f\u00fatbol argentino Diego Maradona: \u00abS\u00f3lo los cobardes se meten con los jubilados\u00bb. Bullrich\u00a0ya hab\u00eda anunciado duras medidas policiales antes de la manifestaci\u00f3n.<\/p>\n<p>MS (dpa\/efe)<\/p>\n","protected":false},"excerpt":{"rendered":"<p>En Buenos Aires, decenas de miles de jubilados y aficionados al f\u00fatbol se manifestaron contra la pol\u00edtica de austeridad del presidente argentino,\u00a0Javier Milei. En la manifestaci\u00f3n del mi\u00e9rcoles (12.3.2025), estall\u00f3 la violencia cuando las unidades policiales situadas frente al edificio del Congreso utilizaron ca\u00f1ones de agua y gases lacrim\u00f3genos contra los manifestantes. Al menos 100 [&hellip;]<\/p>\n","protected":false},"author":1,"featured_media":10655,"comment_status":"open","ping_status":"open","sticky":false,"template":"","format":"standard","meta":{"footnotes":""},"categories":[8],"tags":[],"_links":{"self":[{"href":"https:\/\/infozamoraec.com\/index.php\/wp-json\/wp\/v2\/posts\/10652"}],"collection":[{"href":"https:\/\/infozamoraec.com\/index.php\/wp-json\/wp\/v2\/posts"}],"about":[{"href":"https:\/\/infozamoraec.com\/index.php\/wp-json\/wp\/v2\/types\/post"}],"author":[{"embeddable":true,"href":"https:\/\/infozamoraec.com\/index.php\/wp-json\/wp\/v2\/users\/1"}],"replies":[{"embeddable":true,"href":"https:\/\/infozamoraec.com\/index.php\/wp-json\/wp\/v2\/comments?post=10652"}],"version-history":[{"count":1,"href":"https:\/\/infozamoraec.com\/index.php\/wp-json\/wp\/v2\/posts\/10652\/revisions"}],"predecessor-version":[{"id":10654,"href":"https:\/\/infozamoraec.com\/index.php\/wp-json\/wp\/v2\/posts\/10652\/revisions\/10654"}],"wp:featuredmedia":[{"embeddable":true,"href":"https:\/\/infozamoraec.com\/index.php\/wp-json\/wp\/v2\/media\/10655"}],"wp:attachment":[{"href":"https:\/\/infozamoraec.com\/index.php\/wp-json\/wp\/v2\/media?parent=10652"}],"wp:term":[{"taxonomy":"category","embeddable":true,"href":"https:\/\/infozamoraec.com\/index.php\/wp-json\/wp\/v2\/categories?post=10652"},{"taxonomy":"post_tag","embeddable":true,"href":"https:\/\/infozamoraec.com\/index.php\/wp-json\/wp\/v2\/tags?post=10652"}],"curies":[{"name":"wp","href":"https:\/\/api.w.org\/{rel}","templated":true}]}}