{"id":10599,"date":"2025-03-13T02:27:29","date_gmt":"2025-03-13T02:27:29","guid":{"rendered":"https:\/\/infozamoraec.com\/?p=10599"},"modified":"2025-03-13T02:27:29","modified_gmt":"2025-03-13T02:27:29","slug":"colombia-consulta-para-decidir-sobre-las-reformas-de-petro","status":"publish","type":"post","link":"https:\/\/infozamoraec.com\/index.php\/2025\/03\/13\/colombia-consulta-para-decidir-sobre-las-reformas-de-petro\/","title":{"rendered":"Colombia: consulta para decidir sobre las reformas de Petro"},"content":{"rendered":"<p>El presidente de\u00a0<a class=\"internal-link\" href=\"https:\/\/www.dw.com\/es\/colombia\/t-17411736\" target=\"_blank\" rel=\"noopener\">Colombia<\/a>,\u00a0<a class=\"internal-link\" href=\"https:\/\/www.dw.com\/es\/gustavo-petro\/t-42895097\" target=\"_blank\" rel=\"noopener\">Gustavo Petro<\/a>, convocar\u00e1 una consulta popular en una fecha todav\u00eda por definir. El objetivo es que el pueblo decida sobre las reformas laboral y de salud, estancadas en el Congreso.<\/p>\n<p>\u00abEl Gobierno nacional va a convocar una consulta popular para decidir sobre la reforma laboral y sobre la reforma a la salud en Colombia, que sea el pueblo el que decida\u00bb, dijo Petro el martes (11.3.2025) en una alocuci\u00f3n al pa\u00eds, luego de que ocho de los 14 miembros de la Comisi\u00f3n S\u00e9ptima del Senado firmaran una resoluci\u00f3n que propone archivar la iniciativa laboral.<\/p>\n<h2>\u00abDemocracia real\u00bb<\/h2>\n<p>Seg\u00fan el presidente,\u00a0el objetivo es \u00abdesbloquear institucionalmente al pa\u00eds\u00bb. \u00abEso significa que hay que hacer una convocatoria al pueblo, no solo a movilizarse, sino a decidir, y la manera como la Constituci\u00f3n permite que el pueblo decida directamente se llama consulta popular\u00bb, afirm\u00f3 Petro.<\/p>\n<p>El mandatario argumenta que la Comisi\u00f3n S\u00e9ptima, \u00abcon enga\u00f1os\u00bb, ha querido hundir sus reformas a la salud y laboral, as\u00ed como la pensional que, finalmente, fue\u00a0<a class=\"internal-link\" href=\"https:\/\/www.dw.com\/es\/congreso-de-colombia-aprueba-reforma-a-sistema-de-pensiones\/a-69369335\" target=\"_blank\" rel=\"noopener\">aprobada el a\u00f1o pasado<\/a>, aunque a\u00fan debe pasar el examen de la Corte Constitucional.<\/p>\n<p>\u00abNosotros creemos que es el pueblo al que le toca decidir. Nuestra convocatoria a un gran acuerdo nacional al que invit\u00e1bamos al gran empresariado y a la oposici\u00f3n ha fracasado, se burlaron de esto, creyeron que el acuerdo nacional era que el Gobierno se arrodillara e incumpliera su programa de Gobierno y eso s\u00ed ser\u00eda absolutamente antidemocr\u00e1tico\u00bb, indic\u00f3.<\/p>\n<p>Tras se\u00f1alar que el \u00abbloqueo institucional es una dictadura contra el voto popular\u00bb, Petro dijo que \u00aba eso se le responde con democracia real\u00bb.<\/p>\n<p>MS (efe\/afp)<\/p>\n","protected":false},"excerpt":{"rendered":"<p>El presidente de\u00a0Colombia,\u00a0Gustavo Petro, convocar\u00e1 una consulta popular en una fecha todav\u00eda por definir. El objetivo es que el pueblo decida sobre las reformas laboral y de salud, estancadas en el Congreso. \u00abEl Gobierno nacional va a convocar una consulta popular para decidir sobre la reforma laboral y sobre la reforma a la salud en [&hellip;]<\/p>\n","protected":false},"author":1,"featured_media":10603,"comment_status":"open","ping_status":"open","sticky":false,"template":"","format":"standard","meta":{"footnotes":""},"categories":[8],"tags":[],"_links":{"self":[{"href":"https:\/\/infozamoraec.com\/index.php\/wp-json\/wp\/v2\/posts\/10599"}],"collection":[{"href":"https:\/\/infozamoraec.com\/index.php\/wp-json\/wp\/v2\/posts"}],"about":[{"href":"https:\/\/infozamoraec.com\/index.php\/wp-json\/wp\/v2\/types\/post"}],"author":[{"embeddable":true,"href":"https:\/\/infozamoraec.com\/index.php\/wp-json\/wp\/v2\/users\/1"}],"replies":[{"embeddable":true,"href":"https:\/\/infozamoraec.com\/index.php\/wp-json\/wp\/v2\/comments?post=10599"}],"version-history":[{"count":1,"href":"https:\/\/infozamoraec.com\/index.php\/wp-json\/wp\/v2\/posts\/10599\/revisions"}],"predecessor-version":[{"id":10604,"href":"https:\/\/infozamoraec.com\/index.php\/wp-json\/wp\/v2\/posts\/10599\/revisions\/10604"}],"wp:featuredmedia":[{"embeddable":true,"href":"https:\/\/infozamoraec.com\/index.php\/wp-json\/wp\/v2\/media\/10603"}],"wp:attachment":[{"href":"https:\/\/infozamoraec.com\/index.php\/wp-json\/wp\/v2\/media?parent=10599"}],"wp:term":[{"taxonomy":"category","embeddable":true,"href":"https:\/\/infozamoraec.com\/index.php\/wp-json\/wp\/v2\/categories?post=10599"},{"taxonomy":"post_tag","embeddable":true,"href":"https:\/\/infozamoraec.com\/index.php\/wp-json\/wp\/v2\/tags?post=10599"}],"curies":[{"name":"wp","href":"https:\/\/api.w.org\/{rel}","templated":true}]}}