{"id":10308,"date":"2025-02-28T00:12:20","date_gmt":"2025-02-28T00:12:20","guid":{"rendered":"https:\/\/infozamoraec.com\/?p=10308"},"modified":"2025-02-28T00:12:20","modified_gmt":"2025-02-28T00:12:20","slug":"palanda-espera-a-los-turistas-en-carnaval","status":"publish","type":"post","link":"https:\/\/infozamoraec.com\/index.php\/2025\/02\/28\/palanda-espera-a-los-turistas-en-carnaval\/","title":{"rendered":"Palanda espera a los turistas en carnaval"},"content":{"rendered":"<p>El cant\u00f3n Palanda, de la provincia de Zamora Chinchipe, tiene preparada una atractiva agenda para celebrar por todo lo alto el carnaval de este a\u00f1o 2025. La programaci\u00f3n se cumplir\u00e1 desde el domingo 2 hasta el martes 4 de marzo de 2025 e incluye juegos tradicionales, m\u00fasica en vivo, encuentros deportivos, entre otros, que se cumplir\u00e1n en el Parque Central de la cabecera cantonal.<\/p>\n<p>El domingo 2 de marzo, la programaci\u00f3n inicia a las 10:00 con una ma\u00f1ana deportiva; a las 14:00 ser\u00e1 la ginkana carnavalera, con elecci\u00f3n de Se\u00f1orita y M\u00edster Carnaval; y desde las 15:00 se viene una tarde y noche de m\u00fasica en vivo con las presentaciones de los artistas Jacky Garc\u00eda, David Michael y Jorge Aguilar.<br \/>\nEl lunes 3 de marzo, la programaci\u00f3n tambi\u00e9n empieza a las 10:00 con una ma\u00f1ana deportiva. A las 14:00 nuevamente habr\u00e1 la ginkana carnavalera; y desde las 15:00 se presentar\u00e1n los artistas C\u00e9sar Fray y Pablo Aguilar.<\/p>\n<p>El martes 4 de marzo, d\u00eda final de los carnavales, la programaci\u00f3n inicia a las 14:00 con una tarde juvenil que incluir\u00e1 festival de m\u00fasica electr\u00f3nica y Hora Loca; 15:00 ser\u00e1 el concurso de camisetas mojadas; y desde las 17:00 el concierto con Luis de la C, Mr. Gringo y Luis Alfredo, excantante de Batahola.<\/p>\n<p>El cant\u00f3n Palanda est\u00e1 ubicado al suroriente del Ecuador. Para llegar hasta este lugar se debe tomar el Cuarto Eje Vial. Desde Vilcabamba, el viaje dura alrededor de 90 minutos.<br \/>\nPalanda tambi\u00e9n es conocido como la Cuna del Origen del Cacao, debido a que fue en este cant\u00f3n donde se descubrieron los vestigios que confirman que aqu\u00ed fue donde hace 5.500 a\u00f1os, la Cultura Mayo-Chinchipe domestic\u00f3 el cacao para consumo humano.<\/p>\n<p>Este cant\u00f3n adem\u00e1s cuenta con una diversidad de atractivos naturales, como la Reserva Tapichalaca, la cascada San Luis, la Cueva de Los Tayos, las Estalagmitas, el Sitio Arqueol\u00f3gico Santa Ana La Florida, entre otros.<\/p>\n","protected":false},"excerpt":{"rendered":"<p>El cant\u00f3n Palanda, de la provincia de Zamora Chinchipe, tiene preparada una atractiva agenda para celebrar por todo lo alto el carnaval de este a\u00f1o 2025. La programaci\u00f3n se cumplir\u00e1 desde el domingo 2 hasta el martes 4 de marzo de 2025 e incluye juegos tradicionales, m\u00fasica en vivo, encuentros deportivos, entre otros, que se [&hellip;]<\/p>\n","protected":false},"author":1,"featured_media":10309,"comment_status":"open","ping_status":"open","sticky":false,"template":"","format":"standard","meta":{"footnotes":""},"categories":[9],"tags":[],"_links":{"self":[{"href":"https:\/\/infozamoraec.com\/index.php\/wp-json\/wp\/v2\/posts\/10308"}],"collection":[{"href":"https:\/\/infozamoraec.com\/index.php\/wp-json\/wp\/v2\/posts"}],"about":[{"href":"https:\/\/infozamoraec.com\/index.php\/wp-json\/wp\/v2\/types\/post"}],"author":[{"embeddable":true,"href":"https:\/\/infozamoraec.com\/index.php\/wp-json\/wp\/v2\/users\/1"}],"replies":[{"embeddable":true,"href":"https:\/\/infozamoraec.com\/index.php\/wp-json\/wp\/v2\/comments?post=10308"}],"version-history":[{"count":1,"href":"https:\/\/infozamoraec.com\/index.php\/wp-json\/wp\/v2\/posts\/10308\/revisions"}],"predecessor-version":[{"id":10310,"href":"https:\/\/infozamoraec.com\/index.php\/wp-json\/wp\/v2\/posts\/10308\/revisions\/10310"}],"wp:featuredmedia":[{"embeddable":true,"href":"https:\/\/infozamoraec.com\/index.php\/wp-json\/wp\/v2\/media\/10309"}],"wp:attachment":[{"href":"https:\/\/infozamoraec.com\/index.php\/wp-json\/wp\/v2\/media?parent=10308"}],"wp:term":[{"taxonomy":"category","embeddable":true,"href":"https:\/\/infozamoraec.com\/index.php\/wp-json\/wp\/v2\/categories?post=10308"},{"taxonomy":"post_tag","embeddable":true,"href":"https:\/\/infozamoraec.com\/index.php\/wp-json\/wp\/v2\/tags?post=10308"}],"curies":[{"name":"wp","href":"https:\/\/api.w.org\/{rel}","templated":true}]}}