{"id":10185,"date":"2025-02-24T02:45:29","date_gmt":"2025-02-24T02:45:29","guid":{"rendered":"https:\/\/infozamoraec.com\/?p=10185"},"modified":"2025-02-24T02:46:53","modified_gmt":"2025-02-24T02:46:53","slug":"accidente-de-transito-en-la-via-zamora-loja-deja-tres-heridos","status":"publish","type":"post","link":"https:\/\/infozamoraec.com\/index.php\/2025\/02\/24\/accidente-de-transito-en-la-via-zamora-loja-deja-tres-heridos\/","title":{"rendered":"Accidente de tr\u00e1nsito en la v\u00eda Zamora-Loja deja tres heridos"},"content":{"rendered":"<p>La ma\u00f1ana del <strong>domingo 23 de febrero de 2025<\/strong>, alrededor de las <strong>11:30<\/strong>, se registr\u00f3 un accidente de tr\u00e1nsito en la <strong>v\u00eda Zamora-Loja, sector So\u00f1aderos<\/strong>, en el cant\u00f3n Zamora. El siniestro, tipificado como <strong>choque lateral angular<\/strong>, dej\u00f3 como saldo <strong>tres personas heridas<\/strong> y da\u00f1os materiales en los veh\u00edculos involucrados.<\/p>\n<p>Los automotores implicados en el accidente fueron, un autom\u00f3vil marca <strong>Hyundai Sed\u00e1n, color blanco <\/strong>placa PON-0858), conducido por <strong>Jefferson Patricio V. A; y\u00a0 una camioneta doble cabina, marca C<\/strong><strong>hevrolet, color gris. <\/strong>\u00a0(placa TPA-1251), conducida por <strong>C\u00e9sar Alcides M. S,<\/strong><\/p>\n<p>Los heridos, una persona\u00a0 adulta y dos menores de edad,\u00a0 fueron identificados como, <strong>Evelyn Dayana L. P.<\/strong>\u00a0de <strong>29 a\u00f1os<\/strong>, residente en Loja; <strong>Jaden C\u00e9sar B. L.<\/strong>\u00a0de <strong>9 a\u00f1os y <\/strong><strong>Oriana Darleth B. L.<\/strong>\u00a0de <strong>6 a\u00f1os<\/strong>. Las v\u00edctimas recibieron atenci\u00f3n m\u00e9dica en el <strong>Hospital Julius Doefner<\/strong>, donde fueron dadas de alta tras ser atendidas por <strong>traumatismos leves<\/strong>.<\/p>\n<p>Personal policial se traslad\u00f3 al lugar del accidente para verificar la situaci\u00f3n. Al confirmarse el siniestro, se procedi\u00f3 a la <strong>retenci\u00f3n de los veh\u00edculos<\/strong> involucrados, los cuales fueron trasladados a los <strong>patios de retenci\u00f3n vehicular de la Jefatura Provincial de Tr\u00e1nsito<\/strong>.<\/p>\n<p>Las causas del accidente a\u00fan est\u00e1n <strong>por determinarse<\/strong>.<\/p>\n","protected":false},"excerpt":{"rendered":"<p>La ma\u00f1ana del domingo 23 de febrero de 2025, alrededor de las 11:30, se registr\u00f3 un accidente de tr\u00e1nsito en la v\u00eda Zamora-Loja, sector So\u00f1aderos, en el cant\u00f3n Zamora. El siniestro, tipificado como choque lateral angular, dej\u00f3 como saldo tres personas heridas y da\u00f1os materiales en los veh\u00edculos involucrados. Los automotores implicados en el accidente [&hellip;]<\/p>\n","protected":false},"author":1,"featured_media":10186,"comment_status":"open","ping_status":"open","sticky":false,"template":"","format":"standard","meta":{"footnotes":""},"categories":[9],"tags":[],"_links":{"self":[{"href":"https:\/\/infozamoraec.com\/index.php\/wp-json\/wp\/v2\/posts\/10185"}],"collection":[{"href":"https:\/\/infozamoraec.com\/index.php\/wp-json\/wp\/v2\/posts"}],"about":[{"href":"https:\/\/infozamoraec.com\/index.php\/wp-json\/wp\/v2\/types\/post"}],"author":[{"embeddable":true,"href":"https:\/\/infozamoraec.com\/index.php\/wp-json\/wp\/v2\/users\/1"}],"replies":[{"embeddable":true,"href":"https:\/\/infozamoraec.com\/index.php\/wp-json\/wp\/v2\/comments?post=10185"}],"version-history":[{"count":3,"href":"https:\/\/infozamoraec.com\/index.php\/wp-json\/wp\/v2\/posts\/10185\/revisions"}],"predecessor-version":[{"id":10189,"href":"https:\/\/infozamoraec.com\/index.php\/wp-json\/wp\/v2\/posts\/10185\/revisions\/10189"}],"wp:featuredmedia":[{"embeddable":true,"href":"https:\/\/infozamoraec.com\/index.php\/wp-json\/wp\/v2\/media\/10186"}],"wp:attachment":[{"href":"https:\/\/infozamoraec.com\/index.php\/wp-json\/wp\/v2\/media?parent=10185"}],"wp:term":[{"taxonomy":"category","embeddable":true,"href":"https:\/\/infozamoraec.com\/index.php\/wp-json\/wp\/v2\/categories?post=10185"},{"taxonomy":"post_tag","embeddable":true,"href":"https:\/\/infozamoraec.com\/index.php\/wp-json\/wp\/v2\/tags?post=10185"}],"curies":[{"name":"wp","href":"https:\/\/api.w.org\/{rel}","templated":true}]}}