{"id":10182,"date":"2025-02-24T02:38:21","date_gmt":"2025-02-24T02:38:21","guid":{"rendered":"https:\/\/infozamoraec.com\/?p=10182"},"modified":"2025-02-24T02:38:21","modified_gmt":"2025-02-24T02:38:21","slug":"la-canela-contara-con-dos-obras-emblematicas","status":"publish","type":"post","link":"https:\/\/infozamoraec.com\/index.php\/2025\/02\/24\/la-canela-contara-con-dos-obras-emblematicas\/","title":{"rendered":"La Canela contar\u00e1 con dos obras emblem\u00e1ticas"},"content":{"rendered":"<p>Con la presencia de ciudadanos y autoridades, la parroquia La Canela, el s\u00e1bado 22 de febrero de 2025 vivi\u00f3 un d\u00eda hist\u00f3rico por la colocaci\u00f3n de la primera piedra para la construcci\u00f3n de dos obras emblem\u00e1ticas: el embaulado de la quebrada del centro parroquial y el estadio de c\u00e9sped sint\u00e9tico.<\/p>\n<p>El Gobierno Aut\u00f3nomo Descentralizado del cant\u00f3n Palanda se encarg\u00f3 de gestionar ante la Secretar\u00eda T\u00e9cnica de la Amazon\u00eda los recursos para la ejecuci\u00f3n del embaulado, por un monto aproximado a los 520.000 d\u00f3lares.<\/p>\n<p>El alcalde de Palanda, Segundo Jaramillo Quezada, destac\u00f3 las gestiones ante la entidad amaz\u00f3nica para que otorgue los recursos y agradeci\u00f3 a sus autoridades por hacer realidad el inicio de esta obra.<\/p>\n<p>Previo a la colocaci\u00f3n de la primera piedra, la primera autoridad de Palanda firm\u00f3 un convenio con el presidente del Gobierno Parroquial local, Manuel Higinio Ord\u00f3\u00f1ez, con el cual la entidad municipal aportar\u00e1 para la construcci\u00f3n de una cubierta y grader\u00edo para el nuevo estadio del sector.<\/p>\n<p>El embaulado de la quebrada de La Canela tiene un plazo de ejecuci\u00f3n de cuatro meses. Julio C\u00e9sar Juca, fiscalizador de la obra, indic\u00f3 que son alrededor de 370 metros de quebrada que ser\u00e1n encauzados y que esto contribuir\u00e1 a que en invierno no existan desbordamientos.<\/p>\n<p>Sobre el estadio de c\u00e9sped sint\u00e9tico, el proyecto lo present\u00f3 el Gobierno Parroquial, tambi\u00e9n ante la Secretar\u00eda T\u00e9cnica de la Amazon\u00eda. El presidente de la parroquia, Manuel Higinio Ord\u00f3\u00f1ez, agradeci\u00f3 al alcalde de Palanda por el apoyo municipal para la presentaci\u00f3n de este proyecto. Este escenario deportivo tiene un plazo de ejecuci\u00f3n de siete meses.<\/p>\n","protected":false},"excerpt":{"rendered":"<p>Con la presencia de ciudadanos y autoridades, la parroquia La Canela, el s\u00e1bado 22 de febrero de 2025 vivi\u00f3 un d\u00eda hist\u00f3rico por la colocaci\u00f3n de la primera piedra para la construcci\u00f3n de dos obras emblem\u00e1ticas: el embaulado de la quebrada del centro parroquial y el estadio de c\u00e9sped sint\u00e9tico. El Gobierno Aut\u00f3nomo Descentralizado del [&hellip;]<\/p>\n","protected":false},"author":1,"featured_media":10183,"comment_status":"open","ping_status":"open","sticky":false,"template":"","format":"standard","meta":{"footnotes":""},"categories":[9],"tags":[],"_links":{"self":[{"href":"https:\/\/infozamoraec.com\/index.php\/wp-json\/wp\/v2\/posts\/10182"}],"collection":[{"href":"https:\/\/infozamoraec.com\/index.php\/wp-json\/wp\/v2\/posts"}],"about":[{"href":"https:\/\/infozamoraec.com\/index.php\/wp-json\/wp\/v2\/types\/post"}],"author":[{"embeddable":true,"href":"https:\/\/infozamoraec.com\/index.php\/wp-json\/wp\/v2\/users\/1"}],"replies":[{"embeddable":true,"href":"https:\/\/infozamoraec.com\/index.php\/wp-json\/wp\/v2\/comments?post=10182"}],"version-history":[{"count":1,"href":"https:\/\/infozamoraec.com\/index.php\/wp-json\/wp\/v2\/posts\/10182\/revisions"}],"predecessor-version":[{"id":10184,"href":"https:\/\/infozamoraec.com\/index.php\/wp-json\/wp\/v2\/posts\/10182\/revisions\/10184"}],"wp:featuredmedia":[{"embeddable":true,"href":"https:\/\/infozamoraec.com\/index.php\/wp-json\/wp\/v2\/media\/10183"}],"wp:attachment":[{"href":"https:\/\/infozamoraec.com\/index.php\/wp-json\/wp\/v2\/media?parent=10182"}],"wp:term":[{"taxonomy":"category","embeddable":true,"href":"https:\/\/infozamoraec.com\/index.php\/wp-json\/wp\/v2\/categories?post=10182"},{"taxonomy":"post_tag","embeddable":true,"href":"https:\/\/infozamoraec.com\/index.php\/wp-json\/wp\/v2\/tags?post=10182"}],"curies":[{"name":"wp","href":"https:\/\/api.w.org\/{rel}","templated":true}]}}