{"id":10153,"date":"2025-02-22T01:33:41","date_gmt":"2025-02-22T01:33:41","guid":{"rendered":"https:\/\/infozamoraec.com\/?p=10153"},"modified":"2025-02-22T01:35:12","modified_gmt":"2025-02-22T01:35:12","slug":"emergencia-en-vilcabamba-serias-afectaciones-por-lluvias-en-yamburara-alto","status":"publish","type":"post","link":"https:\/\/infozamoraec.com\/index.php\/2025\/02\/22\/emergencia-en-vilcabamba-serias-afectaciones-por-lluvias-en-yamburara-alto\/","title":{"rendered":"Emergencia en Vilcabamba: Serias afectaciones por lluvias en Yamburara Alto"},"content":{"rendered":"<div class=\"xdj266r x11i5rnm xat24cr x1mh8g0r x1vvkbs x126k92a\">\n<div dir=\"auto\">El GAD Parroquial de Vilcabamba inform\u00f3 que las fuertes lluvias registradas en las \u00faltimas horas han causado serias afectaciones en el barrio Yamburara Alto. El desbordamiento de una pe\u00f1a provoc\u00f3 el represamiento del r\u00edo Capamaco, lo que alter\u00f3 su cauce natural, generando inundaciones en varias viviendas del sector.<\/div>\n<div dir=\"auto\"><\/div>\n<\/div>\n<div class=\"x11i5rnm xat24cr x1mh8g0r x1vvkbs xtlvy1s x126k92a\">\n<div dir=\"auto\">Se informa , adem\u00e1s, que entre los afectados se encuentran algunas personas extranjeras, ni\u00f1os, adultos y adultos mayores.<\/div>\n<div dir=\"auto\"><\/div>\n<\/div>\n<div class=\"x11i5rnm xat24cr x1mh8g0r x1vvkbs xtlvy1s x126k92a\">\n<div dir=\"auto\">Ante esta situaci\u00f3n, el GAD Parroquial ha decidido declararse en sesi\u00f3n permanente para gestionar las diversas acciones que puedan surgir debido a las inundaciones y el desbordamiento en la zona.<\/div>\n<div dir=\"auto\"><\/div>\n<\/div>\n<div class=\"x11i5rnm xat24cr x1mh8g0r x1vvkbs xtlvy1s x126k92a\">\n<div dir=\"auto\">Se ha solicitado la intervenci\u00f3n de maquinaria por parte del Municipio y la Prefectura para enfrentar la emergencia, as\u00ed como el apoyo de la Polic\u00eda Nacional y las Fuerzas Armadas para el rescate de pertenencias en las viviendas afectadas.<\/div>\n<div dir=\"auto\"><\/div>\n<\/div>\n<div class=\"x11i5rnm xat24cr x1mh8g0r x1vvkbs xtlvy1s x126k92a\">\n<div dir=\"auto\">En consideraci\u00f3n a la magnitud de los da\u00f1os por el deslizamiento de tierra y la inundaci\u00f3n en Yamburara Alto, se ha solicitado la declaratoria de emergencia para la parroquia Vilcabamba, con el fin de priorizar recursos log\u00edsticos para la atenci\u00f3n de las familias afectadas y la asignaci\u00f3n de maquinaria necesaria.<\/div>\n<div dir=\"auto\"><img fetchpriority=\"high\" decoding=\"async\" class=\"alignnone size-medium wp-image-10157\" src=\"https:\/\/infozamoraec.com\/wp-content\/uploads\/2025\/02\/WhatsApp-Image-2025-02-21-at-09.53.11-300x200.jpeg\" alt=\"\" width=\"300\" height=\"200\" srcset=\"https:\/\/infozamoraec.com\/wp-content\/uploads\/2025\/02\/WhatsApp-Image-2025-02-21-at-09.53.11-300x200.jpeg 300w, https:\/\/infozamoraec.com\/wp-content\/uploads\/2025\/02\/WhatsApp-Image-2025-02-21-at-09.53.11-1024x683.jpeg 1024w, https:\/\/infozamoraec.com\/wp-content\/uploads\/2025\/02\/WhatsApp-Image-2025-02-21-at-09.53.11-768x512.jpeg 768w, https:\/\/infozamoraec.com\/wp-content\/uploads\/2025\/02\/WhatsApp-Image-2025-02-21-at-09.53.11-1536x1024.jpeg 1536w, https:\/\/infozamoraec.com\/wp-content\/uploads\/2025\/02\/WhatsApp-Image-2025-02-21-at-09.53.11.jpeg 1594w\" sizes=\"(max-width: 300px) 100vw, 300px\" \/><\/div>\n<div dir=\"auto\"><\/div>\n<\/div>\n<div class=\"x11i5rnm xat24cr x1mh8g0r x1vvkbs xtlvy1s x126k92a\">\n<div dir=\"auto\">Adem\u00e1s, se ha pedido el apoyo de la Polic\u00eda Nacional para el uso de un dron para que realice un an\u00e1lisis a\u00e9reo de los da\u00f1os ocasionados.<\/div>\n<div dir=\"auto\"><\/div>\n<\/div>\n<div class=\"x11i5rnm xat24cr x1mh8g0r x1vvkbs xtlvy1s x126k92a\">\n<div dir=\"auto\">El GAD Parroquial ha dispuesto su log\u00edstica para colaborar con la emergencia, estableciendo un punto de atenci\u00f3n m\u00e9dica en el sector.<\/div>\n<div dir=\"auto\"><\/div>\n<\/div>\n<div class=\"x11i5rnm xat24cr x1mh8g0r x1vvkbs xtlvy1s x126k92a\">\n<div dir=\"auto\">Tambi\u00e9n se ha solicitado a la EERSSA una evaluaci\u00f3n de los da\u00f1os causados con el sistema el\u00e9ctrico.<\/div>\n<div dir=\"auto\"><\/div>\n<\/div>\n<div class=\"x11i5rnm xat24cr x1mh8g0r x1vvkbs xtlvy1s x126k92a\">\n<div dir=\"auto\">Asimismo, se ha activado la presencia del Cuerpo de Bomberos y se ha solicitado la presencia de Agentes de Control de Tr\u00e1nsito para regular el flujo vehicular hacia el lugar del incidente.<\/div>\n<div dir=\"auto\"><\/div>\n<\/div>\n<div class=\"x11i5rnm xat24cr x1mh8g0r x1vvkbs xtlvy1s x126k92a\">\n<div dir=\"auto\">Finalmente, se ha decidido prohibir el ingreso de la ciudadan\u00eda al \u00e1rea afectada por el deslizamiento y se notificar\u00e1 al COE cantonal y provincial sobre las resoluciones tomadas en el COE Parroquial, con el fin de coordinar la ayuda correspondiente.<\/div>\n<\/div>\n","protected":false},"excerpt":{"rendered":"<p>El GAD Parroquial de Vilcabamba inform\u00f3 que las fuertes lluvias registradas en las \u00faltimas horas han causado serias afectaciones en el barrio Yamburara Alto. El desbordamiento de una pe\u00f1a provoc\u00f3 el represamiento del r\u00edo Capamaco, lo que alter\u00f3 su cauce natural, generando inundaciones en varias viviendas del sector. Se informa , adem\u00e1s, que entre los [&hellip;]<\/p>\n","protected":false},"author":1,"featured_media":10154,"comment_status":"open","ping_status":"open","sticky":false,"template":"","format":"standard","meta":{"footnotes":""},"categories":[12],"tags":[],"_links":{"self":[{"href":"https:\/\/infozamoraec.com\/index.php\/wp-json\/wp\/v2\/posts\/10153"}],"collection":[{"href":"https:\/\/infozamoraec.com\/index.php\/wp-json\/wp\/v2\/posts"}],"about":[{"href":"https:\/\/infozamoraec.com\/index.php\/wp-json\/wp\/v2\/types\/post"}],"author":[{"embeddable":true,"href":"https:\/\/infozamoraec.com\/index.php\/wp-json\/wp\/v2\/users\/1"}],"replies":[{"embeddable":true,"href":"https:\/\/infozamoraec.com\/index.php\/wp-json\/wp\/v2\/comments?post=10153"}],"version-history":[{"count":3,"href":"https:\/\/infozamoraec.com\/index.php\/wp-json\/wp\/v2\/posts\/10153\/revisions"}],"predecessor-version":[{"id":10158,"href":"https:\/\/infozamoraec.com\/index.php\/wp-json\/wp\/v2\/posts\/10153\/revisions\/10158"}],"wp:featuredmedia":[{"embeddable":true,"href":"https:\/\/infozamoraec.com\/index.php\/wp-json\/wp\/v2\/media\/10154"}],"wp:attachment":[{"href":"https:\/\/infozamoraec.com\/index.php\/wp-json\/wp\/v2\/media?parent=10153"}],"wp:term":[{"taxonomy":"category","embeddable":true,"href":"https:\/\/infozamoraec.com\/index.php\/wp-json\/wp\/v2\/categories?post=10153"},{"taxonomy":"post_tag","embeddable":true,"href":"https:\/\/infozamoraec.com\/index.php\/wp-json\/wp\/v2\/tags?post=10153"}],"curies":[{"name":"wp","href":"https:\/\/api.w.org\/{rel}","templated":true}]}}