{"id":10115,"date":"2025-02-21T01:47:31","date_gmt":"2025-02-21T01:47:31","guid":{"rendered":"https:\/\/infozamoraec.com\/?p=10115"},"modified":"2025-02-21T01:47:31","modified_gmt":"2025-02-21T01:47:31","slug":"una-nueva-narcolancha-con-mas-de-15-toneladas-de-droga-es-interceptada-en-galapagos","status":"publish","type":"post","link":"https:\/\/infozamoraec.com\/index.php\/2025\/02\/21\/una-nueva-narcolancha-con-mas-de-15-toneladas-de-droga-es-interceptada-en-galapagos\/","title":{"rendered":"Una nueva narcolancha con m\u00e1s de 1,5 toneladas de droga es interceptada en Gal\u00e1pagos"},"content":{"rendered":"<p>Una nueva\u00a0<strong>narcolancha<\/strong>\u00a0fue interceptada en Ecuador cerca de las\u00a0<a href=\"https:\/\/www.ecuavisa.com\/noticias\/ecuador\/islas-galapagos-menos-turistas-2024-comparacion-2023-KE8789581\" target=\"_blank\" rel=\"noopener noreferrer nofollow\"><strong>islas Gal\u00e1pagos<\/strong><\/a>\u00a0con\u00a0<strong>m\u00e1s de 1,5 toneladas de droga<\/strong>\u00a0(presumiblemente coca\u00edna) en su interior, despu\u00e9s de que el domingo 16 de febrero tambi\u00e9n fuera detenida otra embarcaci\u00f3n del mismo tipo y en la misma zona con\u00a0<strong>m\u00e1s de 1,8 toneladas de coca\u00edna<\/strong>.<\/p>\n<p>La embarcaci\u00f3n fue interceptada el mi\u00e9rcoles en aguas de Gal\u00e1pagos, seg\u00fan inform\u00f3 este jueves la Polic\u00eda Nacional en un comunicado.<\/p>\n<p>El operativo, denominado\u00a0<strong>Gran F\u00e9nix 12<\/strong>, tambi\u00e9n se sald\u00f3 con la detenci\u00f3n de los tres hombres que se encontraban en el interior de la narcolancha, uno de ellos ten\u00eda antecedentes penales por tenencia de armas no autorizadas, seg\u00fan recoge el informe que hizo p\u00fablico la Polic\u00eda.<\/p>\n<p>Junto a las sustancias ilegales, que se encontraban alojadas en 40 sacos con un peso total de 1 560 kilos, se intervinieron 594 galones (2 244 litros) de combustible, un tel\u00e9fono satelital y una radio boya.<\/p>\n<p>El pasado domingo tambi\u00e9n fue interceptada por la Armada una narcolancha cerca del archipi\u00e9lago que transportaba unos 1 840 kilos de coca\u00edna y que estaba tripulada por tres hombres que fueron internados en prisi\u00f3n preventiva en la Penitenciar\u00eda del Litoral, la c\u00e1rcel m\u00e1s grande y peligrosa de Ecuador.<\/p>\n","protected":false},"excerpt":{"rendered":"<p>Una nueva\u00a0narcolancha\u00a0fue interceptada en Ecuador cerca de las\u00a0islas Gal\u00e1pagos\u00a0con\u00a0m\u00e1s de 1,5 toneladas de droga\u00a0(presumiblemente coca\u00edna) en su interior, despu\u00e9s de que el domingo 16 de febrero tambi\u00e9n fuera detenida otra embarcaci\u00f3n del mismo tipo y en la misma zona con\u00a0m\u00e1s de 1,8 toneladas de coca\u00edna. La embarcaci\u00f3n fue interceptada el mi\u00e9rcoles en aguas de Gal\u00e1pagos, [&hellip;]<\/p>\n","protected":false},"author":1,"featured_media":10116,"comment_status":"open","ping_status":"open","sticky":false,"template":"","format":"standard","meta":{"footnotes":""},"categories":[12],"tags":[],"_links":{"self":[{"href":"https:\/\/infozamoraec.com\/index.php\/wp-json\/wp\/v2\/posts\/10115"}],"collection":[{"href":"https:\/\/infozamoraec.com\/index.php\/wp-json\/wp\/v2\/posts"}],"about":[{"href":"https:\/\/infozamoraec.com\/index.php\/wp-json\/wp\/v2\/types\/post"}],"author":[{"embeddable":true,"href":"https:\/\/infozamoraec.com\/index.php\/wp-json\/wp\/v2\/users\/1"}],"replies":[{"embeddable":true,"href":"https:\/\/infozamoraec.com\/index.php\/wp-json\/wp\/v2\/comments?post=10115"}],"version-history":[{"count":1,"href":"https:\/\/infozamoraec.com\/index.php\/wp-json\/wp\/v2\/posts\/10115\/revisions"}],"predecessor-version":[{"id":10117,"href":"https:\/\/infozamoraec.com\/index.php\/wp-json\/wp\/v2\/posts\/10115\/revisions\/10117"}],"wp:featuredmedia":[{"embeddable":true,"href":"https:\/\/infozamoraec.com\/index.php\/wp-json\/wp\/v2\/media\/10116"}],"wp:attachment":[{"href":"https:\/\/infozamoraec.com\/index.php\/wp-json\/wp\/v2\/media?parent=10115"}],"wp:term":[{"taxonomy":"category","embeddable":true,"href":"https:\/\/infozamoraec.com\/index.php\/wp-json\/wp\/v2\/categories?post=10115"},{"taxonomy":"post_tag","embeddable":true,"href":"https:\/\/infozamoraec.com\/index.php\/wp-json\/wp\/v2\/tags?post=10115"}],"curies":[{"name":"wp","href":"https:\/\/api.w.org\/{rel}","templated":true}]}}