{"id":10112,"date":"2025-02-21T01:45:22","date_gmt":"2025-02-21T01:45:22","guid":{"rendered":"https:\/\/infozamoraec.com\/?p=10112"},"modified":"2025-02-21T01:45:22","modified_gmt":"2025-02-21T01:45:22","slug":"juez-electoral-anula-audiencia-oral-en-el-caso-que-juzga-a-veronica-abad-por-violencia-politica-de-genero","status":"publish","type":"post","link":"https:\/\/infozamoraec.com\/index.php\/2025\/02\/21\/juez-electoral-anula-audiencia-oral-en-el-caso-que-juzga-a-veronica-abad-por-violencia-politica-de-genero\/","title":{"rendered":"Juez electoral anula audiencia oral en el caso que juzga a Ver\u00f3nica Abad por violencia pol\u00edtica de g\u00e9nero"},"content":{"rendered":"<div class=\"cp-excerpt-xl\">\n<p>El juez electoral, Guillermo Ortega, declar\u00f3 la nulidad de la audiencia oral \u00fanica de prueba y alegatos dentro de la causa No. 227-2024-TCE, que juzga a la vicepresidenta, Ver\u00f3nica Abad, por violencia pol\u00edtica de g\u00e9nero interpuesta por la canciller Gabriela Sommerfeld, y fij\u00f3 por \u00faltima vez y bajo prevenciones de ley, a nueva audiencia para este viernes 21 de febrero a las 10:00.<\/p>\n<p>El 7 de febrero de 2025, la denunciada solicit\u00f3 se declare la nulidad de la audiencia oral \u00fanica de prueba y alegatos realizada el pasado 5 de febrero argumentando su derecho a la defensa y adjunto documentaci\u00f3n respectiva.<\/p>\n<p>El juez dio paso al pedido a fin de precautelar el debido proceso en la garant\u00eda del derecho a la defensa de la denunciada, Mar\u00eda Ver\u00f3nica Abad Rojas, y declar\u00f3 la nulidad de la audiencia desarrollada semanas atr\u00e1s, y se\u00f1ala \u201cpor \u00faltima vez y bajo prevenciones de ley para el d\u00eda viernes 21 de febrero de 2025, a las 10h00, la realizaci\u00f3n de la audiencia oral \u00fanica de pruebas y alegatos\u201d.<\/p>\n<p>Para esta pr\u00e1ctica de la prueba pericial, el juez llama tambi\u00e9n al perito designado en la presente causa, tecn\u00f3logo Cristian Gustavo Moncayo Cruz, quien deber\u00e1 concurrir obligatoriamente a la audiencia oral \u00fanica de prueba y alegatos a realizarse este viernes 21 de febrero, a las 10h00, en la Sala de Audiencias del Tribunal Contencioso Electoral; con el fin de sustentar el informe que ha elaborado. El periodo en la audiencia de 5 de febrero no acudi\u00f3 y envi\u00f3 una excusa.<\/p>\n<p>Seg\u00fan la defensa de la accionante, Jaime Dousdebes, infracci\u00f3n cometida por Abad, pretende denigrar y acabar con la honra y reputaci\u00f3n de su defendida, y tuvo que soportar insultos, ataques y menoscabo en su imagen p\u00fablica.<\/p>\n<p>En la audiencia del pasado 5 de febrero asegur\u00f3 que la violencia pol\u00edtica de g\u00e9nero denunciada contra Abad, se adec\u00faa a lo que dispone el art\u00edculo 280 del C\u00f3digo de la Democracia, primero que la conducta sea cometida en contra de mujeres, y para ello, como prueba present\u00f3 cuatro videos donde interviene la vicepresidenta y seg\u00fan la defensa la accionada propici\u00f3 insultos, amenazas y agravios cometidos contra la se\u00f1ora canciller Gabriela Sommerfeld.<\/p>\n<p>&nbsp;<\/p>\n<\/div>\n","protected":false},"excerpt":{"rendered":"<p>El juez electoral, Guillermo Ortega, declar\u00f3 la nulidad de la audiencia oral \u00fanica de prueba y alegatos dentro de la causa No. 227-2024-TCE, que juzga a la vicepresidenta, Ver\u00f3nica Abad, por violencia pol\u00edtica de g\u00e9nero interpuesta por la canciller Gabriela Sommerfeld, y fij\u00f3 por \u00faltima vez y bajo prevenciones de ley, a nueva audiencia para [&hellip;]<\/p>\n","protected":false},"author":1,"featured_media":10113,"comment_status":"open","ping_status":"open","sticky":false,"template":"","format":"standard","meta":{"footnotes":""},"categories":[12],"tags":[],"_links":{"self":[{"href":"https:\/\/infozamoraec.com\/index.php\/wp-json\/wp\/v2\/posts\/10112"}],"collection":[{"href":"https:\/\/infozamoraec.com\/index.php\/wp-json\/wp\/v2\/posts"}],"about":[{"href":"https:\/\/infozamoraec.com\/index.php\/wp-json\/wp\/v2\/types\/post"}],"author":[{"embeddable":true,"href":"https:\/\/infozamoraec.com\/index.php\/wp-json\/wp\/v2\/users\/1"}],"replies":[{"embeddable":true,"href":"https:\/\/infozamoraec.com\/index.php\/wp-json\/wp\/v2\/comments?post=10112"}],"version-history":[{"count":1,"href":"https:\/\/infozamoraec.com\/index.php\/wp-json\/wp\/v2\/posts\/10112\/revisions"}],"predecessor-version":[{"id":10114,"href":"https:\/\/infozamoraec.com\/index.php\/wp-json\/wp\/v2\/posts\/10112\/revisions\/10114"}],"wp:featuredmedia":[{"embeddable":true,"href":"https:\/\/infozamoraec.com\/index.php\/wp-json\/wp\/v2\/media\/10113"}],"wp:attachment":[{"href":"https:\/\/infozamoraec.com\/index.php\/wp-json\/wp\/v2\/media?parent=10112"}],"wp:term":[{"taxonomy":"category","embeddable":true,"href":"https:\/\/infozamoraec.com\/index.php\/wp-json\/wp\/v2\/categories?post=10112"},{"taxonomy":"post_tag","embeddable":true,"href":"https:\/\/infozamoraec.com\/index.php\/wp-json\/wp\/v2\/tags?post=10112"}],"curies":[{"name":"wp","href":"https:\/\/api.w.org\/{rel}","templated":true}]}}