{"id":10093,"date":"2025-02-20T21:38:43","date_gmt":"2025-02-20T21:38:43","guid":{"rendered":"https:\/\/infozamoraec.com\/?p=10093"},"modified":"2025-02-20T21:38:43","modified_gmt":"2025-02-20T21:38:43","slug":"municipio-de-el-pangui-realiza-adecuaciones-en-establecimiento-educativo-para-personas-con-discapacidad","status":"publish","type":"post","link":"https:\/\/infozamoraec.com\/index.php\/2025\/02\/20\/municipio-de-el-pangui-realiza-adecuaciones-en-establecimiento-educativo-para-personas-con-discapacidad\/","title":{"rendered":"Municipio de El Pangui realiza adecuaciones en establecimiento educativo para personas con discapacidad"},"content":{"rendered":"<p>En el barrio Jes\u00fas del Gran Poder de la ciudad de El Pangui, con una inversi\u00f3n de $23 000 la Alcald\u00eda de El Pangui avanza con un 70% en la ejecuci\u00f3n del proyecto: Adecuaci\u00f3n de la Escuela de Educaci\u00f3n B\u00e1sica Especializada \u201cJudith Tapia\u201d.<\/p>\n<p>Gerardo Armijos, fiscalizador de la obra indic\u00f3 que dentro de las labores que se est\u00e1n ejecutando constan la construcci\u00f3n de una cubierta y la colocaci\u00f3n de los techos en el bloque uno, dos, parte administrativa y un aula. Asimismo, se est\u00e1 colocando techo PVC en cada uno de los espacios y en lo que respecta a la construcci\u00f3n de las cerchas se est\u00e1 haciendo el reforzamiento de la estructura.<\/p>\n<p>Otros detalles de la obra:<\/p>\n<p>\u2714 Construcci\u00f3n de una cubierta de 19&#215;6 metros.<\/p>\n<p>\u2714 Construcci\u00f3n de un aula nueva de 6.30&#215;4 metros.<\/p>\n<p>\u2714 Cambio de techos en aulas existentes y colocaci\u00f3n de cielo raso pvc.<\/p>\n<p>\u2714 Colocaci\u00f3n de iluminaci\u00f3n en cubiertas y aulas.<\/p>\n<p>Lizbeth Arias, residente de la obra, indic\u00f3 que la intervenci\u00f3n est\u00e1 enfocada en el bienestar y desarrollo de los ni\u00f1os con discapacidad, generando empleo a 7 personas; y, adicional a ello todos los materiales que se est\u00e1n usando en la construcci\u00f3n han sido adquiridos en la localidad.<\/p>\n<p>As\u00ed es, como la municipalidad del cant\u00f3n El Pangui contin\u00faa trabajando por una educaci\u00f3n m\u00e1s inclusiva y espacios adecuados para la ni\u00f1ez.<\/p>\n","protected":false},"excerpt":{"rendered":"<p>En el barrio Jes\u00fas del Gran Poder de la ciudad de El Pangui, con una inversi\u00f3n de $23 000 la Alcald\u00eda de El Pangui avanza con un 70% en la ejecuci\u00f3n del proyecto: Adecuaci\u00f3n de la Escuela de Educaci\u00f3n B\u00e1sica Especializada \u201cJudith Tapia\u201d. Gerardo Armijos, fiscalizador de la obra indic\u00f3 que dentro de las labores [&hellip;]<\/p>\n","protected":false},"author":1,"featured_media":10095,"comment_status":"open","ping_status":"open","sticky":false,"template":"","format":"standard","meta":{"footnotes":""},"categories":[9],"tags":[],"_links":{"self":[{"href":"https:\/\/infozamoraec.com\/index.php\/wp-json\/wp\/v2\/posts\/10093"}],"collection":[{"href":"https:\/\/infozamoraec.com\/index.php\/wp-json\/wp\/v2\/posts"}],"about":[{"href":"https:\/\/infozamoraec.com\/index.php\/wp-json\/wp\/v2\/types\/post"}],"author":[{"embeddable":true,"href":"https:\/\/infozamoraec.com\/index.php\/wp-json\/wp\/v2\/users\/1"}],"replies":[{"embeddable":true,"href":"https:\/\/infozamoraec.com\/index.php\/wp-json\/wp\/v2\/comments?post=10093"}],"version-history":[{"count":1,"href":"https:\/\/infozamoraec.com\/index.php\/wp-json\/wp\/v2\/posts\/10093\/revisions"}],"predecessor-version":[{"id":10096,"href":"https:\/\/infozamoraec.com\/index.php\/wp-json\/wp\/v2\/posts\/10093\/revisions\/10096"}],"wp:featuredmedia":[{"embeddable":true,"href":"https:\/\/infozamoraec.com\/index.php\/wp-json\/wp\/v2\/media\/10095"}],"wp:attachment":[{"href":"https:\/\/infozamoraec.com\/index.php\/wp-json\/wp\/v2\/media?parent=10093"}],"wp:term":[{"taxonomy":"category","embeddable":true,"href":"https:\/\/infozamoraec.com\/index.php\/wp-json\/wp\/v2\/categories?post=10093"},{"taxonomy":"post_tag","embeddable":true,"href":"https:\/\/infozamoraec.com\/index.php\/wp-json\/wp\/v2\/tags?post=10093"}],"curies":[{"name":"wp","href":"https:\/\/api.w.org\/{rel}","templated":true}]}}