{"id":10083,"date":"2025-02-20T19:48:32","date_gmt":"2025-02-20T19:48:32","guid":{"rendered":"https:\/\/infozamoraec.com\/?p=10083"},"modified":"2025-02-20T21:41:17","modified_gmt":"2025-02-20T21:41:17","slug":"vilcabamba-se-prepara-para-el-carnaval","status":"publish","type":"post","link":"https:\/\/infozamoraec.com\/index.php\/2025\/02\/20\/vilcabamba-se-prepara-para-el-carnaval\/","title":{"rendered":"Vilcabamba se prepara para el Carnaval"},"content":{"rendered":"<p>El Gobierno Parroquial de Vilcabamba, en colaboraci\u00f3n con el Municipio de Loja, ha preparado una programaci\u00f3n variada para celebrar el Carnaval 2025 con arte, cultura y naturaleza.<\/p>\n<p>La agenda comenzar\u00e1 el 1 de marzo de\u00a0 2025 con el tradicional preg\u00f3n del Carnaval, que recorrer\u00e1 las principales calles de la parroquia, seguido de una exhibici\u00f3n de caballos de paso, la segunda ecorruta a la cascada El Palto y el concurso de carretillas carnavaleras.<\/p>\n<p>Tambi\u00e9n se realizar\u00e1n las esperadas noches danc\u00edsticas para el disfrute de todos. Para ponerle el broche de oro a la jornada, el cantante de vallenato Dub\u00e1n Bay\u00f3n amenizar\u00e1 la programaci\u00f3n con su contagiante ritmo.<\/p>\n<p>El lunes 2 de marzo, la programaci\u00f3n contin\u00faa con la primera edici\u00f3n del X Trail Longev, una competencia ecotur\u00edstica que incluir\u00e1 actividades de senderismo. Durante el d\u00eda, los participantes podr\u00e1n disfrutar de recorridos por los hermosos paisajes de la parroquia. En la tarde, la salsa se apoderar\u00e1 del escenario con la presentaci\u00f3n de la agrupaci\u00f3n venezolana\u00a0 \u201cAdolescentes\u201d, que promete un espect\u00e1culo de primer nivel.<\/p>\n<p>Para cerrar el feriado, el martes 3 de marzo, Vilcabamba culmina\u00a0 la agenda de Carnaval con una gran cartelera\u00a0 de artistas locales y nacionales: Adicionalmente se ha previsto realizar una ecorruta al cerro Mandango, como una\u00a0 alternativa\u00a0 para los amantes del senderismo y la naturaleza.<\/p>\n<p><img fetchpriority=\"high\" decoding=\"async\" class=\"alignnone size-medium wp-image-10098\" src=\"https:\/\/infozamoraec.com\/wp-content\/uploads\/2025\/02\/Vilcabamba-01-go593-scaled-1-300x200.webp\" alt=\"\" width=\"300\" height=\"200\" srcset=\"https:\/\/infozamoraec.com\/wp-content\/uploads\/2025\/02\/Vilcabamba-01-go593-scaled-1-300x200.webp 300w, https:\/\/infozamoraec.com\/wp-content\/uploads\/2025\/02\/Vilcabamba-01-go593-scaled-1-1024x683.webp 1024w, https:\/\/infozamoraec.com\/wp-content\/uploads\/2025\/02\/Vilcabamba-01-go593-scaled-1-768x512.webp 768w, https:\/\/infozamoraec.com\/wp-content\/uploads\/2025\/02\/Vilcabamba-01-go593-scaled-1-1536x1024.webp 1536w, https:\/\/infozamoraec.com\/wp-content\/uploads\/2025\/02\/Vilcabamba-01-go593-scaled-1-2048x1366.webp 2048w\" sizes=\"(max-width: 300px) 100vw, 300px\" \/><\/p>\n<p>El presidente del GAD Vilcabamba, V\u00edctor Carpio, invita a propios y foraneos\u00a0 a disfrutar de este Carnaval 2025 en Vilcabamba, al que calific\u00f3 como \u201cun lugar \u00fanico, lleno de encanto y rodeado de naturaleza, donde la calidez de su gente y la belleza de su entorno hacen de este evento una experiencia inigualable\u201d.<\/p>\n<p>\u201cVilcabamba invita a todos a vivir un Carnaval diferente, rodeado de la calidez de su gente y su clima excepcional\u201d concluy\u00f3.<\/p>\n<p>&nbsp;<\/p>\n<p>&nbsp;<\/p>\n","protected":false},"excerpt":{"rendered":"<p>El Gobierno Parroquial de Vilcabamba, en colaboraci\u00f3n con el Municipio de Loja, ha preparado una programaci\u00f3n variada para celebrar el Carnaval 2025 con arte, cultura y naturaleza. La agenda comenzar\u00e1 el 1 de marzo de\u00a0 2025 con el tradicional preg\u00f3n del Carnaval, que recorrer\u00e1 las principales calles de la parroquia, seguido de una exhibici\u00f3n de [&hellip;]<\/p>\n","protected":false},"author":1,"featured_media":10087,"comment_status":"open","ping_status":"open","sticky":false,"template":"","format":"standard","meta":{"footnotes":""},"categories":[12],"tags":[],"_links":{"self":[{"href":"https:\/\/infozamoraec.com\/index.php\/wp-json\/wp\/v2\/posts\/10083"}],"collection":[{"href":"https:\/\/infozamoraec.com\/index.php\/wp-json\/wp\/v2\/posts"}],"about":[{"href":"https:\/\/infozamoraec.com\/index.php\/wp-json\/wp\/v2\/types\/post"}],"author":[{"embeddable":true,"href":"https:\/\/infozamoraec.com\/index.php\/wp-json\/wp\/v2\/users\/1"}],"replies":[{"embeddable":true,"href":"https:\/\/infozamoraec.com\/index.php\/wp-json\/wp\/v2\/comments?post=10083"}],"version-history":[{"count":8,"href":"https:\/\/infozamoraec.com\/index.php\/wp-json\/wp\/v2\/posts\/10083\/revisions"}],"predecessor-version":[{"id":10099,"href":"https:\/\/infozamoraec.com\/index.php\/wp-json\/wp\/v2\/posts\/10083\/revisions\/10099"}],"wp:featuredmedia":[{"embeddable":true,"href":"https:\/\/infozamoraec.com\/index.php\/wp-json\/wp\/v2\/media\/10087"}],"wp:attachment":[{"href":"https:\/\/infozamoraec.com\/index.php\/wp-json\/wp\/v2\/media?parent=10083"}],"wp:term":[{"taxonomy":"category","embeddable":true,"href":"https:\/\/infozamoraec.com\/index.php\/wp-json\/wp\/v2\/categories?post=10083"},{"taxonomy":"post_tag","embeddable":true,"href":"https:\/\/infozamoraec.com\/index.php\/wp-json\/wp\/v2\/tags?post=10083"}],"curies":[{"name":"wp","href":"https:\/\/api.w.org\/{rel}","templated":true}]}}