{"id":10068,"date":"2025-02-20T01:02:35","date_gmt":"2025-02-20T01:02:35","guid":{"rendered":"https:\/\/infozamoraec.com\/?p=10068"},"modified":"2025-02-20T01:02:35","modified_gmt":"2025-02-20T01:02:35","slug":"ministra-ines-manzano-no-existe-la-posibilidad-de-que-haya-un-apagon-en-abril-y-tampoco-estiaje","status":"publish","type":"post","link":"https:\/\/infozamoraec.com\/index.php\/2025\/02\/20\/ministra-ines-manzano-no-existe-la-posibilidad-de-que-haya-un-apagon-en-abril-y-tampoco-estiaje\/","title":{"rendered":"Ministra In\u00e9s Manzano: \u201cNo existe la posibilidad de que haya un apag\u00f3n en abril y tampoco estiaje\u201d"},"content":{"rendered":"<p>Para la ministra de Energ\u00eda y Minas, In\u00e9s Manzano, \u201cno existe la posibilidad de que haya un apag\u00f3n en abril\u201d y tampoco existe \u201cestiaje en abril&#8230; acu\u00e9rdense \u2018abril aguas mil\u2019, es porque hay lluvias\u201d y lo que ocurri\u00f3 en abril del a\u00f1o pasado, que hubo cortes de luz, fue debido a la \u201cmala gesti\u00f3n\u201d.<\/p>\n<p>Las condiciones hidrol\u00f3gicas han mejorado para Ecuador y esto ha permitido una mejora en los embalses, incluso el presidente Daniel Noboa dijo que estar\u00edamos \u2018tranquilos\u2019 respecto a los cortes de luz en este a\u00f1o y el 2026 durante una entrevista televisiva el 18 de febrero.<\/p>\n<p>La ministra Manzano afirm\u00f3 que el Gobierno ha recuperado 700 megavatios (MW), de los cuales 500 MW corresponde a las t\u00e9rmicas y lo restante son de hidroel\u00e9ctricas, como Baba y Sopladora, en donde se hicieron unas mejoras.<\/p>\n<p>Agreg\u00f3 que aparte est\u00e1 Toachi Pilat\u00f3n, que son 204 MW, y de ah\u00ed est\u00e1n las tres barcazas, que juntas suman 300 MW, cada una 100 MW. \u201cLo que quiero decirles a los ciudadanos es que no existe la posibilidad de que haya un apag\u00f3n en abril y tambi\u00e9n quiero decir, que no existe estiaje en abril. Se est\u00e1 cometiendo el error de comparar con lo que pas\u00f3 el a\u00f1o pasado, pero no existe estiaje, acu\u00e9rdense que \u2018abril aguas mil\u2019, es porque hay lluvias\u201d, sostuvo.<\/p>\n<h2><strong>Mazar con 20 metros de diferencia<\/strong><\/h2>\n<p>Seg\u00fan la ministra, lo que \u201cpas\u00f3 el a\u00f1o pasado fue una mala gesti\u00f3n en el inicio de la administraci\u00f3n de ese ministro o ministra y su equipo de trabajo\u201d. Explic\u00f3 que acalmente hay 20 metros de diferencia al 17 de febrero entre lo que est\u00e1 Mazar y lo que estaba el a\u00f1o pasado. \u201c20 metros de diferencia, sabe lo que significa eso, que el Gobierno nacional ha hecho gesti\u00f3n, gesti\u00f3n y m\u00e1s gesti\u00f3n para que eso no suceda, no nos suceda nunca m\u00e1s en un abril que no es de estiaje\u201d, reiter\u00f3.<\/p>\n<p>Actualmente, el embalse de Mazar se encuentra por encima de la cota m\u00e1xima, que es de 2.153 metros sobre el nivel del mar (m s.n.m.). A ese nivel lleg\u00f3 el pasado 10 de febrero, seg\u00fan la ministra Manzano.<\/p>\n<p>Ahora, incluso ha sobrepasado de esos registros, para este mi\u00e9rcoles, 19 de febrero, la cota est\u00e1 en 2.154,34 m s.n.m.<\/p>\n<p>En abril del a\u00f1o pasado, en donde hubo cortes de luz, en cambio se acerc\u00f3 al nivel m\u00ednimo, que es de 2.098 metros sobre el nivel del mar (m s.n.m.), estuvo por los 2.106,35 m s.n.m., espec\u00edficamente el 17 de abril.<\/p>\n","protected":false},"excerpt":{"rendered":"<p>Para la ministra de Energ\u00eda y Minas, In\u00e9s Manzano, \u201cno existe la posibilidad de que haya un apag\u00f3n en abril\u201d y tampoco existe \u201cestiaje en abril&#8230; acu\u00e9rdense \u2018abril aguas mil\u2019, es porque hay lluvias\u201d y lo que ocurri\u00f3 en abril del a\u00f1o pasado, que hubo cortes de luz, fue debido a la \u201cmala gesti\u00f3n\u201d. Las [&hellip;]<\/p>\n","protected":false},"author":1,"featured_media":10069,"comment_status":"open","ping_status":"open","sticky":false,"template":"","format":"standard","meta":{"footnotes":""},"categories":[12],"tags":[],"_links":{"self":[{"href":"https:\/\/infozamoraec.com\/index.php\/wp-json\/wp\/v2\/posts\/10068"}],"collection":[{"href":"https:\/\/infozamoraec.com\/index.php\/wp-json\/wp\/v2\/posts"}],"about":[{"href":"https:\/\/infozamoraec.com\/index.php\/wp-json\/wp\/v2\/types\/post"}],"author":[{"embeddable":true,"href":"https:\/\/infozamoraec.com\/index.php\/wp-json\/wp\/v2\/users\/1"}],"replies":[{"embeddable":true,"href":"https:\/\/infozamoraec.com\/index.php\/wp-json\/wp\/v2\/comments?post=10068"}],"version-history":[{"count":1,"href":"https:\/\/infozamoraec.com\/index.php\/wp-json\/wp\/v2\/posts\/10068\/revisions"}],"predecessor-version":[{"id":10070,"href":"https:\/\/infozamoraec.com\/index.php\/wp-json\/wp\/v2\/posts\/10068\/revisions\/10070"}],"wp:featuredmedia":[{"embeddable":true,"href":"https:\/\/infozamoraec.com\/index.php\/wp-json\/wp\/v2\/media\/10069"}],"wp:attachment":[{"href":"https:\/\/infozamoraec.com\/index.php\/wp-json\/wp\/v2\/media?parent=10068"}],"wp:term":[{"taxonomy":"category","embeddable":true,"href":"https:\/\/infozamoraec.com\/index.php\/wp-json\/wp\/v2\/categories?post=10068"},{"taxonomy":"post_tag","embeddable":true,"href":"https:\/\/infozamoraec.com\/index.php\/wp-json\/wp\/v2\/tags?post=10068"}],"curies":[{"name":"wp","href":"https:\/\/api.w.org\/{rel}","templated":true}]}}