{"id":10065,"date":"2025-02-20T00:57:24","date_gmt":"2025-02-20T00:57:24","guid":{"rendered":"https:\/\/infozamoraec.com\/?p=10065"},"modified":"2025-02-20T00:57:24","modified_gmt":"2025-02-20T00:57:24","slug":"el-grupo-indigena-minoritario-fei-expresa-su-respaldo-a-luisa-gonzalez","status":"publish","type":"post","link":"https:\/\/infozamoraec.com\/index.php\/2025\/02\/20\/el-grupo-indigena-minoritario-fei-expresa-su-respaldo-a-luisa-gonzalez\/","title":{"rendered":"El grupo ind\u00edgena minoritario FEI expresa su respaldo a Luisa Gonz\u00e1lez"},"content":{"rendered":"<p><strong><a title=\"\" href=\"https:\/\/x.com\/EcuadorFei\" target=\"_blank\">La Confederaci\u00f3n de Pueblos y Organizaciones Ind\u00edgenas Campesinas del Ecuador (FEI),<\/a><\/strong>\u00a0expres\u00f3 el pasado lunes, 17 de febrero, v\u00eda X, su respaldo a la candidata presidencial del corre\u00edsmo,\u00a0<strong><a title=\"\" href=\"https:\/\/x.com\/LuisaGonzalezEc\" target=\"_blank\">Luisa Gonz\u00e1lez<\/a><\/strong>, para la segunda vuelta electoral.<\/p>\n<p>Seg\u00fan el documento,\u00a0<strong>los l\u00edderes de esta organizaci\u00f3n adoptaron esta postura basados en la Alianza de las Izquierdas de 2024.<\/strong><\/p>\n<p><strong>\u00abLa primera victoria electoral, con el 50% de los votos para la Revoluci\u00f3n Ciudadana con Luisa Gonz\u00e1lez y Pachakutik con Leonidas Iza, representa la reafirmaci\u00f3n del deseo de cambio y la necesidad urgente de retomar el camino del progresismo\u00bb,<\/strong>\u00a0se\u00f1al\u00f3.<\/p>\n<p><strong>\u00abLa organizaci\u00f3n hizo un llamado \u201cal pueblo ecuatoriano a continuar avanzando hacia la independencia. No hay espacio para la incertidumbre ni para las traiciones disfrazadas\u00bb,<\/strong>\u00a0subray\u00f3.<\/p>\n<p>Correa y Luisa agradecieron al movimiento ind\u00edgena por su apoyo v\u00eda X. Cabe destacar que, durante el gobierno del corre\u00edsmo, en el Congreso Ordinario de la Federaci\u00f3n Ecuatoriana de Ind\u00edgenas en 2002, esta se transform\u00f3 en la Confederaci\u00f3n de Pueblos y Organizaciones Ind\u00edgenas Campesinas del Ecuador-FEI.<\/p>\n<p>FEI fue la primera organizaci\u00f3n en firmar un acuerdo program\u00e1tico con el entonces candidato Rafael Correa en 2006, y tras su llegada al gobierno con la Revoluci\u00f3n Ciudadana, participaron en la Asamblea Nacional Constituyente, en la Consulta Popular para la validaci\u00f3n de la Constituci\u00f3n de 2008, y en otras movilizaciones como las del 28 de mayo de 2008, 11 de febrero de 2009, 3 de marzo de 2010 y 25 de abril de 2011.<\/p>\n<p>En esos eventos, exigieron al gobierno nacional atenci\u00f3n a las principales demandas del sector rural, como la Revoluci\u00f3n Agraria, los Derechos de los Pueblos Ind\u00edgenas y la Econom\u00eda Popular y Solidaria. Esto permiti\u00f3 obtener logros significativos en cuanto al acceso a la tierra y a la producci\u00f3n, como la asignaci\u00f3n de terrenos que fueron otorgados a las Asociaciones Campesinas.<\/p>\n<p>En esta primera contienda,<strong>\u00a0<\/strong>con corte a las 12:05 de hoy y con el 100% de actas escrutadas,\u00a0<strong><a href=\"https:\/\/x.com\/LuisaGonzalezEc\" target=\"_blank\">Luisa<\/a><\/strong>\u00a0qued\u00f3 en segundo lugar, con el 43.97%, mientras que, su oponente, el presidente de la Rep\u00fablica,\u00a0<a title=\"\" href=\"https:\/\/www.larepublica.ec\/blog\/2025\/02\/19\/ya-hay-fecha-pachakutik-y-conaie-romperan-silencio\/#google_vignette\" target=\"_blank\" rel=\"noopener\"><strong>Daniel<\/strong>\u00a0<strong>Noboa<\/strong>,<\/a>\u00a0quien busca su reelecci\u00f3n por 4 a\u00f1os m\u00e1s\u00a0<strong>(2025-2029)<\/strong>\u00a0lider\u00f3 el primer puesto, con el 44.17%. A ambos los separan la m\u00ednima diferencia del 0.20%.<\/p>\n<p>Rafael Correa actualmente reside en B\u00e9lgica. Al igual que varios funcionarios de su Gobierno, fue condenado por su papel en tramas de corrupci\u00f3n. El expresidente insiste en que es v\u00edctima de persecuci\u00f3n pol\u00edtica y niega haber participado en actos criminales.<\/p>\n","protected":false},"excerpt":{"rendered":"<p>La Confederaci\u00f3n de Pueblos y Organizaciones Ind\u00edgenas Campesinas del Ecuador (FEI),\u00a0expres\u00f3 el pasado lunes, 17 de febrero, v\u00eda X, su respaldo a la candidata presidencial del corre\u00edsmo,\u00a0Luisa Gonz\u00e1lez, para la segunda vuelta electoral. Seg\u00fan el documento,\u00a0los l\u00edderes de esta organizaci\u00f3n adoptaron esta postura basados en la Alianza de las Izquierdas de 2024. \u00abLa primera victoria [&hellip;]<\/p>\n","protected":false},"author":1,"featured_media":10066,"comment_status":"open","ping_status":"open","sticky":false,"template":"","format":"standard","meta":{"footnotes":""},"categories":[12],"tags":[],"_links":{"self":[{"href":"https:\/\/infozamoraec.com\/index.php\/wp-json\/wp\/v2\/posts\/10065"}],"collection":[{"href":"https:\/\/infozamoraec.com\/index.php\/wp-json\/wp\/v2\/posts"}],"about":[{"href":"https:\/\/infozamoraec.com\/index.php\/wp-json\/wp\/v2\/types\/post"}],"author":[{"embeddable":true,"href":"https:\/\/infozamoraec.com\/index.php\/wp-json\/wp\/v2\/users\/1"}],"replies":[{"embeddable":true,"href":"https:\/\/infozamoraec.com\/index.php\/wp-json\/wp\/v2\/comments?post=10065"}],"version-history":[{"count":1,"href":"https:\/\/infozamoraec.com\/index.php\/wp-json\/wp\/v2\/posts\/10065\/revisions"}],"predecessor-version":[{"id":10067,"href":"https:\/\/infozamoraec.com\/index.php\/wp-json\/wp\/v2\/posts\/10065\/revisions\/10067"}],"wp:featuredmedia":[{"embeddable":true,"href":"https:\/\/infozamoraec.com\/index.php\/wp-json\/wp\/v2\/media\/10066"}],"wp:attachment":[{"href":"https:\/\/infozamoraec.com\/index.php\/wp-json\/wp\/v2\/media?parent=10065"}],"wp:term":[{"taxonomy":"category","embeddable":true,"href":"https:\/\/infozamoraec.com\/index.php\/wp-json\/wp\/v2\/categories?post=10065"},{"taxonomy":"post_tag","embeddable":true,"href":"https:\/\/infozamoraec.com\/index.php\/wp-json\/wp\/v2\/tags?post=10065"}],"curies":[{"name":"wp","href":"https:\/\/api.w.org\/{rel}","templated":true}]}}