{"id":10049,"date":"2025-02-20T00:11:09","date_gmt":"2025-02-20T00:11:09","guid":{"rendered":"https:\/\/infozamoraec.com\/?p=10049"},"modified":"2025-02-20T00:11:09","modified_gmt":"2025-02-20T00:11:09","slug":"arrancaron-las-fiestas-del-valle-de-las-luciernagas-yantzaza-44-anos","status":"publish","type":"post","link":"https:\/\/infozamoraec.com\/index.php\/2025\/02\/20\/arrancaron-las-fiestas-del-valle-de-las-luciernagas-yantzaza-44-anos\/","title":{"rendered":"Arrancaron las fiestas del Valle de las Luci\u00e9rnagas, Yantzaza 44 A\u00f1os"},"content":{"rendered":"<p>Los 44 a\u00f1os de aniversario de la Capital Econ\u00f3mica y Productiva de la provincia, ya se viven a lo grande. El Gobierno Municipal de Yantzaza, en conjunto con la empresa privada y la comunidad yantzacense, dio inicio a una programaci\u00f3n diversa, que arranc\u00f3 este 19 de febrero y se extiende hasta el 4 de marzo, con los eventos carnavaleros de \u201cChica\u00f1a Caliente 2025\u201d.<\/p>\n<p>La jornada inici\u00f3 con la Minga Ciudadana de Limpieza y Embanderamiento de calles y avenidas, que cont\u00f3 con la participaci\u00f3n de moradores, comerciantes, estudiantes de planteles, servidores p\u00fablicos, entre muchas otras entidades, que se sumaron a esta iniciativa comunitaria, para darle un rostro renovado a la ciudad en el inicio de la programaci\u00f3n festiva.<\/p>\n<p>Entre tanto, desde las 14:00, se llev\u00f3 a cabo la presentaci\u00f3n de las candidatas a reinas del cant\u00f3n, en sus tres nacionalidades, acto que se efectu\u00f3 en el balneario La Oruga, en un marco cultural, colorido y tradicional.<\/p>\n<p>Desde las 17:00, se desarroll\u00f3 el Primer Concurso de Bandas y Coreograf\u00edas Estudiantiles, desde el Parque Central, evento en el que m\u00e1s de 10 agrupaciones educativas, demostraron su talento, organizaci\u00f3n y creatividad.<\/p>\n<p>Mar\u00eda Lalangui, alcaldesa, manifest\u00f3 que \u201cestamos, sobre todo, agradecidos con los yantzacenses, por el esfuerzo, la voluntad y la alegr\u00eda que nos est\u00e1n demostrando en el comienzo de estas fiestas. Como muestra de que Yantzaza est\u00e1 cada vez m\u00e1s bonita y acogedora, vamos a inaugurar y entregar nuevas obras tur\u00edsticas y de renovaci\u00f3n urbana de la ciudad\u201d, puntualiz\u00f3 la autoridad.<\/p>\n<p>Raquel Naula, concejal responsable del \u00e1rea de Turismo del GAD Municipal, sostuvo que, \u201clas festividades representan oportunidades para un mayor movimiento econ\u00f3mico y tur\u00edstico entre los yantzacenses. Les invitamos a nuestros hermanos del cant\u00f3n y a los turistas, a que vivan a lo grande de la programaci\u00f3n que hemos preparado\u201d.<\/p>\n","protected":false},"excerpt":{"rendered":"<p>Los 44 a\u00f1os de aniversario de la Capital Econ\u00f3mica y Productiva de la provincia, ya se viven a lo grande. El Gobierno Municipal de Yantzaza, en conjunto con la empresa privada y la comunidad yantzacense, dio inicio a una programaci\u00f3n diversa, que arranc\u00f3 este 19 de febrero y se extiende hasta el 4 de marzo, [&hellip;]<\/p>\n","protected":false},"author":1,"featured_media":10050,"comment_status":"open","ping_status":"open","sticky":false,"template":"","format":"standard","meta":{"footnotes":""},"categories":[9],"tags":[],"_links":{"self":[{"href":"https:\/\/infozamoraec.com\/index.php\/wp-json\/wp\/v2\/posts\/10049"}],"collection":[{"href":"https:\/\/infozamoraec.com\/index.php\/wp-json\/wp\/v2\/posts"}],"about":[{"href":"https:\/\/infozamoraec.com\/index.php\/wp-json\/wp\/v2\/types\/post"}],"author":[{"embeddable":true,"href":"https:\/\/infozamoraec.com\/index.php\/wp-json\/wp\/v2\/users\/1"}],"replies":[{"embeddable":true,"href":"https:\/\/infozamoraec.com\/index.php\/wp-json\/wp\/v2\/comments?post=10049"}],"version-history":[{"count":1,"href":"https:\/\/infozamoraec.com\/index.php\/wp-json\/wp\/v2\/posts\/10049\/revisions"}],"predecessor-version":[{"id":10051,"href":"https:\/\/infozamoraec.com\/index.php\/wp-json\/wp\/v2\/posts\/10049\/revisions\/10051"}],"wp:featuredmedia":[{"embeddable":true,"href":"https:\/\/infozamoraec.com\/index.php\/wp-json\/wp\/v2\/media\/10050"}],"wp:attachment":[{"href":"https:\/\/infozamoraec.com\/index.php\/wp-json\/wp\/v2\/media?parent=10049"}],"wp:term":[{"taxonomy":"category","embeddable":true,"href":"https:\/\/infozamoraec.com\/index.php\/wp-json\/wp\/v2\/categories?post=10049"},{"taxonomy":"post_tag","embeddable":true,"href":"https:\/\/infozamoraec.com\/index.php\/wp-json\/wp\/v2\/tags?post=10049"}],"curies":[{"name":"wp","href":"https:\/\/api.w.org\/{rel}","templated":true}]}}