{"id":10016,"date":"2025-02-19T00:59:48","date_gmt":"2025-02-19T00:59:48","guid":{"rendered":"https:\/\/infozamoraec.com\/?p=10016"},"modified":"2025-02-19T01:20:27","modified_gmt":"2025-02-19T01:20:27","slug":"accidente-de-transito-en-zamora-deja-un-herido","status":"publish","type":"post","link":"https:\/\/infozamoraec.com\/index.php\/2025\/02\/19\/accidente-de-transito-en-zamora-deja-un-herido\/","title":{"rendered":"Accidente de tr\u00e1nsito en Zamora deja un herido"},"content":{"rendered":"<p>Un accidente de tr\u00e1nsito registrado este martes 18 de febrero de 2025, en la intersecci\u00f3n de la avenida\u00a0 del Ej\u00e9rcito y la calle Jos\u00e9 Dur\u00e1n de la ciudad de Zamora, dej\u00f3 como saldo una persona herida y da\u00f1os materiales en dos veh\u00edculos involucrados.<\/p>\n<p>El siniestro, catalogado como un choque lateral perpendicular, ocurri\u00f3 alrededor de las 13:00 y fue atendido por agentes de la Polic\u00eda Nacional tras una alerta del ECU-911. En el incidente participaron un autom\u00f3vil Chevrolet, color\u00a0 rojo y una motocicleta negra marca IGM, conducida por Alc\u00edvar Jeanphiere C. O. quien result\u00f3 herido y fue trasladado al Hospital General Julius Doepfner para recibir atenci\u00f3n m\u00e9dica.<\/p>\n<p>Las autoridades procedieron a la retenci\u00f3n de los veh\u00edculos y se los traslad\u00f3 hasta el patio de retenci\u00f3n vehicular de la Jefatura de Tr\u00e1nsito .<\/p>\n<p>No hay un pronunciamiento oficial de las\u00a0 autoridades, ni se han\u00a0 determinado las causas del accidente.<\/p>\n","protected":false},"excerpt":{"rendered":"<p>Un accidente de tr\u00e1nsito registrado este martes 18 de febrero de 2025, en la intersecci\u00f3n de la avenida\u00a0 del Ej\u00e9rcito y la calle Jos\u00e9 Dur\u00e1n de la ciudad de Zamora, dej\u00f3 como saldo una persona herida y da\u00f1os materiales en dos veh\u00edculos involucrados. El siniestro, catalogado como un choque lateral perpendicular, ocurri\u00f3 alrededor de las [&hellip;]<\/p>\n","protected":false},"author":1,"featured_media":10017,"comment_status":"open","ping_status":"open","sticky":false,"template":"","format":"standard","meta":{"footnotes":""},"categories":[9],"tags":[],"_links":{"self":[{"href":"https:\/\/infozamoraec.com\/index.php\/wp-json\/wp\/v2\/posts\/10016"}],"collection":[{"href":"https:\/\/infozamoraec.com\/index.php\/wp-json\/wp\/v2\/posts"}],"about":[{"href":"https:\/\/infozamoraec.com\/index.php\/wp-json\/wp\/v2\/types\/post"}],"author":[{"embeddable":true,"href":"https:\/\/infozamoraec.com\/index.php\/wp-json\/wp\/v2\/users\/1"}],"replies":[{"embeddable":true,"href":"https:\/\/infozamoraec.com\/index.php\/wp-json\/wp\/v2\/comments?post=10016"}],"version-history":[{"count":2,"href":"https:\/\/infozamoraec.com\/index.php\/wp-json\/wp\/v2\/posts\/10016\/revisions"}],"predecessor-version":[{"id":10042,"href":"https:\/\/infozamoraec.com\/index.php\/wp-json\/wp\/v2\/posts\/10016\/revisions\/10042"}],"wp:featuredmedia":[{"embeddable":true,"href":"https:\/\/infozamoraec.com\/index.php\/wp-json\/wp\/v2\/media\/10017"}],"wp:attachment":[{"href":"https:\/\/infozamoraec.com\/index.php\/wp-json\/wp\/v2\/media?parent=10016"}],"wp:term":[{"taxonomy":"category","embeddable":true,"href":"https:\/\/infozamoraec.com\/index.php\/wp-json\/wp\/v2\/categories?post=10016"},{"taxonomy":"post_tag","embeddable":true,"href":"https:\/\/infozamoraec.com\/index.php\/wp-json\/wp\/v2\/tags?post=10016"}],"curies":[{"name":"wp","href":"https:\/\/api.w.org\/{rel}","templated":true}]}}